{"id":21229,"date":"2023-03-06T08:49:48","date_gmt":"2023-03-06T07:49:48","guid":{"rendered":"https:\/\/letempsmag.ma\/?p=21229"},"modified":"2023-03-06T08:49:49","modified_gmt":"2023-03-06T07:49:49","slug":"le-vichy-thermalia-spa-moulay-yacoub-se-reinvente","status":"publish","type":"post","link":"https:\/\/letempsmag.ma\/?p=21229","title":{"rendered":"<strong>Le Vichy Thermalia Spa Moulay Yacoub se r\u00e9invente<\/strong>"},"content":{"rendered":"\n<p>Ouvert en 2018 en partenariat avec l\u2019enseigne Vichy et pass\u00e9 en 2022 sous le giron de MADAEF, le Vichy Thermalia Spa Moulay Yacoub se repositionne en destination bien-\u00eatre.<\/p>\n\n\n\n<p>Avec sa nouvelle strat\u00e9gie, l\u2019enseigne nourrit l\u2019ambition de devenir la destination de r\u00e9f\u00e9rence pour des voyages ax\u00e9s sur le mieux-\u00eatre et le partage d\u2019exp\u00e9riences authentiques. Elle cherche aussi \u00e0 insuffler une relance apr\u00e8s la pand\u00e9mie, pour se diff\u00e9rencier de la concurrence sur le segment de l\u2019h\u00f4tellerie 4 \u00e9toiles et du bien-\u00eatre au Maroc, tout n r\u00e9pondant \u00e0 l\u2019\u00e9mergence de nouvelles tendances du tourisme de bien-\u00eatre. Autant de raisons qui ont pouss\u00e9 le Resort \u00e0 se r\u00e9inventer.<\/p>\n\n\n\n<p>Au-del\u00e0 des b\u00e9n\u00e9fices sur la sant\u00e9 qu\u2019apportent traditionnellement les thermes de Moulay Yacoub, aujourd\u2019hui, Philippe Queriaud directeur g\u00e9n\u00e9ral depuis Juillet 2022 du Resort, souhaite valoriser les autres atouts de la destination pour attirer une client\u00e8le marocaine et europ\u00e9enne life style et curieuse de se red\u00e9couvrir.<\/p>\n","protected":false},"excerpt":{"rendered":"<p>Ouvert en 2018 en partenariat avec l\u2019enseigne Vichy et pass\u00e9 en 2022 sous le giron de MADAEF, le Vichy Thermalia Spa Moulay Yacoub se repositionne en destination bien-\u00eatre. Avec sa nouvelle strat\u00e9gie, l\u2019enseigne nourrit l\u2019ambition de devenir la destination de r\u00e9f\u00e9rence pour des voyages ax\u00e9s sur le mieux-\u00eatre et le partage d\u2019exp\u00e9riences authentiques. Elle cherche &hellip;<\/p>\n","protected":false},"author":9,"featured_media":21230,"comment_status":"open","ping_status":"closed","sticky":false,"template":"","format":"standard","meta":{"footnotes":""},"categories":[680],"tags":[],"class_list":["post-21229","post","type-post","status-publish","format-standard","has-post-thumbnail","hentry","category-bien-etre"],"_links":{"self":[{"href":"https:\/\/letempsmag.ma\/index.php?rest_route=\/wp\/v2\/posts\/21229","targetHints":{"allow":["GET"]}}],"collection":[{"href":"https:\/\/letempsmag.ma\/index.php?rest_route=\/wp\/v2\/posts"}],"about":[{"href":"https:\/\/letempsmag.ma\/index.php?rest_route=\/wp\/v2\/types\/post"}],"author":[{"embeddable":true,"href":"https:\/\/letempsmag.ma\/index.php?rest_route=\/wp\/v2\/users\/9"}],"replies":[{"embeddable":true,"href":"https:\/\/letempsmag.ma\/index.php?rest_route=%2Fwp%2Fv2%2Fcomments&post=21229"}],"version-history":[{"count":1,"href":"https:\/\/letempsmag.ma\/index.php?rest_route=\/wp\/v2\/posts\/21229\/revisions"}],"predecessor-version":[{"id":21231,"href":"https:\/\/letempsmag.ma\/index.php?rest_route=\/wp\/v2\/posts\/21229\/revisions\/21231"}],"wp:featuredmedia":[{"embeddable":true,"href":"https:\/\/letempsmag.ma\/index.php?rest_route=\/wp\/v2\/media\/21230"}],"wp:attachment":[{"href":"https:\/\/letempsmag.ma\/index.php?rest_route=%2Fwp%2Fv2%2Fmedia&parent=21229"}],"wp:term":[{"taxonomy":"category","embeddable":true,"href":"https:\/\/letempsmag.ma\/index.php?rest_route=%2Fwp%2Fv2%2Fcategories&post=21229"},{"taxonomy":"post_tag","embeddable":true,"href":"https:\/\/letempsmag.ma\/index.php?rest_route=%2Fwp%2Fv2%2Ftags&post=21229"}],"curies":[{"name":"wp","href":"https:\/\/api.w.org\/{rel}","templated":true}]}}