{"id":21069,"date":"2023-02-28T09:07:08","date_gmt":"2023-02-28T08:07:08","guid":{"rendered":"https:\/\/letempsmag.ma\/?p=21069"},"modified":"2023-02-28T09:07:09","modified_gmt":"2023-02-28T08:07:09","slug":"important-accord-entre-le-conseil-de-la-concurrence-et-lordre-national-des-architectes","status":"publish","type":"post","link":"https:\/\/letempsmag.ma\/?p=21069","title":{"rendered":"<strong>Important accord entre le Conseil de la Concurrence et l&#8217;Ordre National des Architectes<\/strong>"},"content":{"rendered":"\n<p> Le Conseil de la Concurrence a d\u00e9cid\u00e9 d&#8217;ent\u00e9riner un accord de transaction conclu avec l&#8217;Ordre National des Architectes, tout en rendant obligatoire des engagements pris par ce dernier. Un communiqu\u00e9 diffus\u00e9 dans ce sens par la MAP indique, en effet, que le Conseil de la Concurrence rappelle que conform\u00e9ment aux dispositions de l&#8217;Article 33 de la loi \u00ab104-12\u00bb relative \u00e0 la libert\u00e9 des prix et de la concurrence telle que modifi\u00e9e et compl\u00e9t\u00e9e, le Conseil, si\u00e9geant en coll\u00e8ge, a tenu le 23 f\u00e9vrier courant une s\u00e9ance pour statuer sur la saisine \u00e9manant de l&#8217;Association des Lotisseurs Promoteurs Immobiliers de Mekn\u00e8s, et examiner la proposition de transaction conclue entre les services d&#8217;instruction du Conseil de la Concurrence et l&#8217;Ordre National des Architectes. La s\u00e9ance, poursuit la m\u00eame source, s&#8217;est tenue suite d&#8217;une part, \u00e0 la publication du communiqu\u00e9 du Rapporteur G\u00e9n\u00e9ral du Conseil de la Concurrence par lequel il porte \u00e0 la connaissance du public que des griefs relatifs \u00e0 des pratiques anticoncurrentielles relev\u00e9es dans le march\u00e9 des prestations de services d&#8217;architecte ont \u00e9t\u00e9 notifi\u00e9s \u00e0 l&#8217;Ordre National des Architectes, compos\u00e9 du Conseil National et des Conseils R\u00e9gionaux. Et d&#8217;autre part, suite \u00e0 la demande \u00e9manant de l&#8217;Ordre National des Architectes par laquelle il souhaite b\u00e9n\u00e9ficier de la proc\u00e9dure de non contestation des griefs susmentionn\u00e9s, qui a donn\u00e9 lieu \u00e0 un accord de transaction conclu entre le Rapporteur G\u00e9n\u00e9ral et l&#8217;Ordre. Ledit accord de transaction pr\u00e9voit ainsi que l&#8217;Ordre des Architectes, compos\u00e9 du Conseil National et des Conseils R\u00e9gionaux, s&#8217;est engag\u00e9 notamment \u00e0 mettre fin aux pratiques relatives \u00e0 la fixation d&#8217;un prix minimum des honoraires des architectes et la r\u00e9partition du march\u00e9 de la commande priv\u00e9e par un syst\u00e8me de quotas. En outre, l&#8217;Ordre s&#8217;engage \u00e0 amender et mettre \u00e0 jour les diff\u00e9rents documents et d\u00e9cisions \u00e9dict\u00e9s par ses soins et qui comportent les pratiques pr\u00e9cit\u00e9es, ainsi qu&#8217;\u00e0 adopter et mettre en \u0153uvre un programme de conformit\u00e9 au droit de la concurrence, conform\u00e9ment au guide de conformit\u00e9 du Conseil de la Concurrence en vue d&#8217;\u00e9viter toutes r\u00e9cidives. Compte tenu des missions incombant \u00e0 l&#8217;Ordre National des Architectes en mati\u00e8re d&#8217;organisation de cette profession, qui constitue un des leviers importants du d\u00e9veloppement urbanistique et \u00e9conomique du Maroc, l&#8217;accord de transaction a pr\u00e9vu d&#8217;accompagner l&#8217;Ordre des Architectes dans sa mise en \u0153uvre. Cet accompagnement s&#8217;inscrit dans le cadre d&#8217;une coop\u00e9ration entre le Conseil et l&#8217;Ordre des Architectes visant l&#8217;am\u00e9lioration du fonctionnement concurrentiel du march\u00e9 des prestations rendues par les architectes et le renforcement de la transparence et de la concurrence loyale dans ledit march\u00e9. <\/p>\n","protected":false},"excerpt":{"rendered":"<p>Le Conseil de la Concurrence a d\u00e9cid\u00e9 d&#8217;ent\u00e9riner un accord de transaction conclu avec l&#8217;Ordre National des Architectes, tout en rendant obligatoire des engagements pris par ce dernier. Un communiqu\u00e9 diffus\u00e9 dans ce sens par la MAP indique, en effet, que le Conseil de la Concurrence rappelle que conform\u00e9ment aux dispositions de l&#8217;Article 33 de &hellip;<\/p>\n","protected":false},"author":9,"featured_media":21070,"comment_status":"open","ping_status":"closed","sticky":false,"template":"","format":"standard","meta":{"footnotes":""},"categories":[960],"tags":[],"class_list":["post-21069","post","type-post","status-publish","format-standard","has-post-thumbnail","hentry","category-reglementation"],"_links":{"self":[{"href":"https:\/\/letempsmag.ma\/index.php?rest_route=\/wp\/v2\/posts\/21069","targetHints":{"allow":["GET"]}}],"collection":[{"href":"https:\/\/letempsmag.ma\/index.php?rest_route=\/wp\/v2\/posts"}],"about":[{"href":"https:\/\/letempsmag.ma\/index.php?rest_route=\/wp\/v2\/types\/post"}],"author":[{"embeddable":true,"href":"https:\/\/letempsmag.ma\/index.php?rest_route=\/wp\/v2\/users\/9"}],"replies":[{"embeddable":true,"href":"https:\/\/letempsmag.ma\/index.php?rest_route=%2Fwp%2Fv2%2Fcomments&post=21069"}],"version-history":[{"count":1,"href":"https:\/\/letempsmag.ma\/index.php?rest_route=\/wp\/v2\/posts\/21069\/revisions"}],"predecessor-version":[{"id":21071,"href":"https:\/\/letempsmag.ma\/index.php?rest_route=\/wp\/v2\/posts\/21069\/revisions\/21071"}],"wp:featuredmedia":[{"embeddable":true,"href":"https:\/\/letempsmag.ma\/index.php?rest_route=\/wp\/v2\/media\/21070"}],"wp:attachment":[{"href":"https:\/\/letempsmag.ma\/index.php?rest_route=%2Fwp%2Fv2%2Fmedia&parent=21069"}],"wp:term":[{"taxonomy":"category","embeddable":true,"href":"https:\/\/letempsmag.ma\/index.php?rest_route=%2Fwp%2Fv2%2Fcategories&post=21069"},{"taxonomy":"post_tag","embeddable":true,"href":"https:\/\/letempsmag.ma\/index.php?rest_route=%2Fwp%2Fv2%2Ftags&post=21069"}],"curies":[{"name":"wp","href":"https:\/\/api.w.org\/{rel}","templated":true}]}}