{"id":20969,"date":"2023-02-23T15:17:11","date_gmt":"2023-02-23T14:17:11","guid":{"rendered":"https:\/\/letempsmag.ma\/?p=20969"},"modified":"2023-02-23T15:29:19","modified_gmt":"2023-02-23T14:29:19","slug":"lancement-dorange-fab-programme-dedie-au-soutien-de-lentrepreneuriat-et-de-linnovation","status":"publish","type":"post","link":"https:\/\/letempsmag.ma\/?p=20969","title":{"rendered":"<strong>Lancement d\u2019Orange Fab, programme d\u00e9di\u00e9 au soutien de l\u2019entrepreneuriat et de l\u2019innovation<\/strong>"},"content":{"rendered":"\n<p>Op\u00e9rateur engag\u00e9 dans l\u2019acc\u00e9l\u00e9ration de l\u2019innovation et le soutien \u00e0 l\u2019entrepreneuriat, Orange Maroc a officiellement lanc\u00e9 hier le premier Orange Fab du Royaume. Il s\u2019agit d\u2019un acc\u00e9l\u00e9rateur de start-ups qui est la troisi\u00e8me entit\u00e9 d\u2019Orange Digital Center Maroc. L\u2019objectif&nbsp;: former les jeunes aux technologies innovantes et s\u00e9lectionner les start-ups les plus prometteuses pour leur proposer un programme de d\u00e9veloppement et d\u2019accompagnement manag\u00e9rial adapt\u00e9.<\/p>\n\n\n\n<p>Fid\u00e8le \u00e0 sa strat\u00e9gie RSE d\u00e9finie par le groupe, Orange Maroc rep\u00e8re, soutient et accompagne les talents pour une soci\u00e9t\u00e9 num\u00e9rique responsable et inclusive. Hendrik Kasteel, Directeur G\u00e9n\u00e9ral Orange Maroc, a soulign\u00e9 lors de l\u2019\u00e9v\u00e9nement de lancement&nbsp;: \u00abNous sommes fiers d\u2019\u00eatre un acteur qui accompagne le d\u00e9veloppement de l\u2019\u00e9conomie num\u00e9rique dans le Royaume en encourageant les initiatives d\u2019entrepreneuriat et d\u2019innovation\u00bb.<\/p>\n\n\n\n<p>Depuis plus de 10 ans, l\u2019op\u00e9rateur met en place le Prix Orange de l\u2019Entrepreneur Social en Afrique et au Moyen Orient, une comp\u00e9tition annuelle mettant en avant les meilleures start-ups du continent en leur proposant des r\u00e9compenses financi\u00e8res ainsi qu\u2019une grande visibilit\u00e9 dans la r\u00e9gion. Conscient du potentiel de la jeunesse africaine, le groupe Orange propose \u00e9galement l\u2019appui financier de son fonds d\u2019investissement Orange Ventures qui g\u00e8re plus de 350 millions d\u2019euros d\u2019actifs avec pour ambition de soutenir les futurs champions mondiaux de l\u2019innovation. Orange Ventures vient de financer la start-up marocaine \u00abChari\u00bb \u00e0 hauteur de 1 million de dollars.<\/p>\n\n\n\n<p>Pour cette premi\u00e8re \u00e9dition, Orange Fab Maroc a mis en place le programme d&#8217;acc\u00e9l\u00e9ration AGV (Acc\u00e9l\u00e9rateur \u00e0 Grande Vitesse) \u00e0 destination des start-ups qui op\u00e8rent dans les secteurs de la Fintech (Paytech, Regtech, Cash Management, Crowdfunding, N\u00e9obanque\u2026) et celui de la BlockChain (transferts d&#8217;argent et paiements, internet des objets, identification num\u00e9rique, gestion de la cha\u00eene d\u2019approvisionnement&#8230; La finalit\u00e9&nbsp;: permettre \u00e0 ces entrepreneurs de construire des partenariats commerciaux avec Orange Maroc ainsi que de grands groupes nationaux ou internationaux. Ces jeunes entreprises devront r\u00e9pondre aux besoins des business units d\u2019Orange Maroc ou des partenaires choisis pour cette \u00e9dition et \u00eatre ainsi une force de proposition pour tous types d\u2019innovations, qu\u2019elles soient technologiques, d\u2019usages ou disruptives.<\/p>\n\n\n\n<p>Cette premi\u00e8re promotion d\u2019Orange Fab Maroc sera soutenue par deux importants fonds d\u2019investissements&nbsp;: Orange Ventures Africa (filiale d\u2019Orange Ventures, dot\u00e9e d\u2019un fonds de 50 millions d\u2019euros pour les start-ups de la zone Afrique) et le Swiss Digital Assets Institute (SDAI) qui a allou\u00e9 100 millions d\u2019euros aux start-ups op\u00e9rant dans la Fintech et la BlockChain, avec pour ambition de donner aux jeunes entrepreneurs les moyens de s\u2019adapter aux actifs num\u00e9riques et \u00e0 la finance d\u00e9centralis\u00e9e. Les deux partenaires accompagneront les start-ups s\u00e9lectionn\u00e9es aussi bien financi\u00e8rement, qu\u2019en partageant leur savoir-faire, afin d\u2019\u00eatre comp\u00e9titifs dans l\u2019environnement \u00e9conomique actuel.<\/p>\n\n\n\n<p>Hendrik Kasteel a pr\u00e9cis\u00e9 \u00e0 cette occasion&nbsp;: \u00abEn tant qu\u2019op\u00e9rateur citoyen et engag\u00e9, Orange Maroc renforce ses investissements pour d\u00e9ployer des services num\u00e9riques essentiels et adapt\u00e9s aux besoins de chacun. Orange Maroc a sign\u00e9 une convention avec le gouvernement en 2022 o\u00f9 elle s&#8217;engage \u00e0 r\u00e9aliser sur les trois prochaines ann\u00e9es un programme d&#8217;investissement de 5,7 milliards de DH\u00bb.<\/p>\n","protected":false},"excerpt":{"rendered":"<p>Op\u00e9rateur engag\u00e9 dans l\u2019acc\u00e9l\u00e9ration de l\u2019innovation et le soutien \u00e0 l\u2019entrepreneuriat, Orange Maroc a officiellement lanc\u00e9 hier le premier Orange Fab du Royaume. Il s\u2019agit d\u2019un acc\u00e9l\u00e9rateur de start-ups qui est la troisi\u00e8me entit\u00e9 d\u2019Orange Digital Center Maroc. L\u2019objectif&nbsp;: former les jeunes aux technologies innovantes et s\u00e9lectionner les start-ups les plus prometteuses pour leur proposer &hellip;<\/p>\n","protected":false},"author":9,"featured_media":20982,"comment_status":"open","ping_status":"closed","sticky":false,"template":"","format":"standard","meta":{"footnotes":""},"categories":[91],"tags":[],"class_list":["post-20969","post","type-post","status-publish","format-standard","has-post-thumbnail","hentry","category-start-ups"],"_links":{"self":[{"href":"https:\/\/letempsmag.ma\/index.php?rest_route=\/wp\/v2\/posts\/20969","targetHints":{"allow":["GET"]}}],"collection":[{"href":"https:\/\/letempsmag.ma\/index.php?rest_route=\/wp\/v2\/posts"}],"about":[{"href":"https:\/\/letempsmag.ma\/index.php?rest_route=\/wp\/v2\/types\/post"}],"author":[{"embeddable":true,"href":"https:\/\/letempsmag.ma\/index.php?rest_route=\/wp\/v2\/users\/9"}],"replies":[{"embeddable":true,"href":"https:\/\/letempsmag.ma\/index.php?rest_route=%2Fwp%2Fv2%2Fcomments&post=20969"}],"version-history":[{"count":1,"href":"https:\/\/letempsmag.ma\/index.php?rest_route=\/wp\/v2\/posts\/20969\/revisions"}],"predecessor-version":[{"id":20971,"href":"https:\/\/letempsmag.ma\/index.php?rest_route=\/wp\/v2\/posts\/20969\/revisions\/20971"}],"wp:featuredmedia":[{"embeddable":true,"href":"https:\/\/letempsmag.ma\/index.php?rest_route=\/wp\/v2\/media\/20982"}],"wp:attachment":[{"href":"https:\/\/letempsmag.ma\/index.php?rest_route=%2Fwp%2Fv2%2Fmedia&parent=20969"}],"wp:term":[{"taxonomy":"category","embeddable":true,"href":"https:\/\/letempsmag.ma\/index.php?rest_route=%2Fwp%2Fv2%2Fcategories&post=20969"},{"taxonomy":"post_tag","embeddable":true,"href":"https:\/\/letempsmag.ma\/index.php?rest_route=%2Fwp%2Fv2%2Ftags&post=20969"}],"curies":[{"name":"wp","href":"https:\/\/api.w.org\/{rel}","templated":true}]}}