{"id":20954,"date":"2023-02-22T15:17:19","date_gmt":"2023-02-22T14:17:19","guid":{"rendered":"https:\/\/letempsmag.ma\/?p=20954"},"modified":"2023-02-22T15:17:20","modified_gmt":"2023-02-22T14:17:20","slug":"collecte-de-dons-de-marocains-pour-les-victimes-du-seisme-en-turquie","status":"publish","type":"post","link":"https:\/\/letempsmag.ma\/?p=20954","title":{"rendered":"<strong>Collecte de dons de Marocains pour les victimes du s\u00e9isme en Turquie<\/strong>"},"content":{"rendered":"\n<p>Des b\u00e9n\u00e9voles ind\u00e9pendants de la communaut\u00e9 marocaine en Turquie ont r\u00e9ussi \u00e0 lever un million de Livres turques, soit plus de 50.000 dollars, au profit des victimes du s\u00e9isme en Turquie. Ce montant collect\u00e9 servira \u00e0 acheminer, cette semaine, une caravane de solidarit\u00e9 \u00e0 l\u2019\u00e9picentre du s\u00e9isme \u00e0 Kahramanmaras, en coordination avec l\u2019Agence publique de gestion des urgences AFAD et l\u2019Office turc de l&#8217;immigration G\u00f6\u00e7 Idaresi. L\u2019objectif&nbsp;: venir en aide aux victimes du s\u00e9isme et \u00e0 leurs familles et contribuer \u00e0 soulager leurs souffrances quotidiennes apr\u00e8s cette terrible \u00e9preuve.<\/p>\n\n\n\n<p>L\u2019aboutissement de cet \u00e9lan de solidarit\u00e9 est le r\u00e9sultat de l\u2019initiative de mobilisation de lev\u00e9es de fonds par un comit\u00e9 de b\u00e9n\u00e9voles marocains en Turquie et \u00e0 l\u2019\u00e9tranger. L\u2019ensemble des dons re\u00e7us \u00e0 travers le monde et de la communaut\u00e9 marocaine en Turquie permettront le financement d\u2019un camion de dons en nature au profit des victimes du s\u00e9isme, aussi bien les citoyens turcs que les r\u00e9fugi\u00e9s syriens.<\/p>\n\n\n\n<p>Une partie des fonds collect\u00e9s sera vers\u00e9e \u00e9galement, en esp\u00e8ces, \u00e0 l\u2019AFAD pour lui permettre de les affecter, \u00e0 sa convenance, au fonds d\u00e9di\u00e9 \u00e0 la gestion des cons\u00e9quences des s\u00e9ismes du sud de la Turquie.<\/p>\n\n\n\n<p>\u00c0 travers cette action symbolique et le dynamisme solidaire de sa communaut\u00e9 de citoyens en Turquie ainsi que le soutien des Marocains du monde, le Maroc t\u00e9moigne son engagement humanitaire pour aider activement les victimes du s\u00e9isme \u00e0 l\u2019instar du reste des pays de la communaut\u00e9 internationale.<\/p>\n\n\n\n<p>Rappelons qu\u2019\u00e0 la date d\u2019aujourd\u2019hui, avec presque plus de 50.000 morts, ce s\u00e9isme est consid\u00e9r\u00e9 par l&#8217;Organisation Mondiale de la Sant\u00e9 comme \u00e9tant le pire d\u00e9sastre naturel en un si\u00e8cle en Europe.<\/p>\n","protected":false},"excerpt":{"rendered":"<p>Des b\u00e9n\u00e9voles ind\u00e9pendants de la communaut\u00e9 marocaine en Turquie ont r\u00e9ussi \u00e0 lever un million de Livres turques, soit plus de 50.000 dollars, au profit des victimes du s\u00e9isme en Turquie. Ce montant collect\u00e9 servira \u00e0 acheminer, cette semaine, une caravane de solidarit\u00e9 \u00e0 l\u2019\u00e9picentre du s\u00e9isme \u00e0 Kahramanmaras, en coordination avec l\u2019Agence publique de &hellip;<\/p>\n","protected":false},"author":9,"featured_media":20955,"comment_status":"open","ping_status":"closed","sticky":false,"template":"","format":"standard","meta":{"footnotes":""},"categories":[137],"tags":[],"class_list":["post-20954","post","type-post","status-publish","format-standard","has-post-thumbnail","hentry","category-solidarite-2"],"_links":{"self":[{"href":"https:\/\/letempsmag.ma\/index.php?rest_route=\/wp\/v2\/posts\/20954","targetHints":{"allow":["GET"]}}],"collection":[{"href":"https:\/\/letempsmag.ma\/index.php?rest_route=\/wp\/v2\/posts"}],"about":[{"href":"https:\/\/letempsmag.ma\/index.php?rest_route=\/wp\/v2\/types\/post"}],"author":[{"embeddable":true,"href":"https:\/\/letempsmag.ma\/index.php?rest_route=\/wp\/v2\/users\/9"}],"replies":[{"embeddable":true,"href":"https:\/\/letempsmag.ma\/index.php?rest_route=%2Fwp%2Fv2%2Fcomments&post=20954"}],"version-history":[{"count":1,"href":"https:\/\/letempsmag.ma\/index.php?rest_route=\/wp\/v2\/posts\/20954\/revisions"}],"predecessor-version":[{"id":20956,"href":"https:\/\/letempsmag.ma\/index.php?rest_route=\/wp\/v2\/posts\/20954\/revisions\/20956"}],"wp:featuredmedia":[{"embeddable":true,"href":"https:\/\/letempsmag.ma\/index.php?rest_route=\/wp\/v2\/media\/20955"}],"wp:attachment":[{"href":"https:\/\/letempsmag.ma\/index.php?rest_route=%2Fwp%2Fv2%2Fmedia&parent=20954"}],"wp:term":[{"taxonomy":"category","embeddable":true,"href":"https:\/\/letempsmag.ma\/index.php?rest_route=%2Fwp%2Fv2%2Fcategories&post=20954"},{"taxonomy":"post_tag","embeddable":true,"href":"https:\/\/letempsmag.ma\/index.php?rest_route=%2Fwp%2Fv2%2Ftags&post=20954"}],"curies":[{"name":"wp","href":"https:\/\/api.w.org\/{rel}","templated":true}]}}