{"id":20913,"date":"2023-02-20T17:38:44","date_gmt":"2023-02-20T16:38:44","guid":{"rendered":"https:\/\/letempsmag.ma\/?p=20913"},"modified":"2023-02-20T17:38:45","modified_gmt":"2023-02-20T16:38:45","slug":"12-nouveau-cas-au-maroc-en-24-heures-et-1-272-383-cas-cumules","status":"publish","type":"post","link":"https:\/\/letempsmag.ma\/?p=20913","title":{"rendered":"12 nouveau cas au Maroc en 24 heures et 1.272.383 cas cumul\u00e9s"},"content":{"rendered":"\n<p> 12 nouveaux cas d&#8217;infection au \u00abCovid-19\u00bb et dix gu\u00e9risons ont \u00e9t\u00e9 enregistr\u00e9s au Maroc dans les derni\u00e8res 24 heures, a indiqu\u00e9 dimanche le minist\u00e8re de la Sant\u00e9 et de la Protection sociale. Dans son bulletin quotidien sur la situation \u00e9pid\u00e9miologique, le minist\u00e8re a en outre pr\u00e9cis\u00e9 que le nombre de primo-vaccin\u00e9s a atteint 24.920.856, celui des personnes ayant re\u00e7u deux doses s&#8217;\u00e9l\u00e8ve \u00e0 23.422.225, alors que 6.879.263 personnes ont eu trois injections du vaccin et 60.262 ont re\u00e7u la quatri\u00e8me dose. Le nouveau bilan d&#8217;infections porte \u00e0 1.272.383 le nombre total des contaminations depuis le premier cas signal\u00e9 au Maroc le 2 mars 2020, tandis que le nombre des personnes r\u00e9tablies est pass\u00e9 \u00e0 1.256.031, soit un taux de gu\u00e9rison de 98,7%. Les nouveaux cas d&#8217;infection ont \u00e9t\u00e9 recens\u00e9s dans les r\u00e9gions de Rabat-sal\u00e9-K\u00e9nitra (10) et de Marrakech-Safi (2). Le nombre total des d\u00e9c\u00e8s est toujours de 16.296 (l\u00e9talit\u00e9 1,3%), avec z\u00e9ro cas enregistr\u00e9 lors des derni\u00e8res 24 heures. Les cas actifs sont au nombre de 56 avec aucun cas s\u00e9v\u00e8re ou critique enregistr\u00e9 lors des derni\u00e8res 24 heures. <\/p>\n","protected":false},"excerpt":{"rendered":"<p>12 nouveaux cas d&#8217;infection au \u00abCovid-19\u00bb et dix gu\u00e9risons ont \u00e9t\u00e9 enregistr\u00e9s au Maroc dans les derni\u00e8res 24 heures, a indiqu\u00e9 dimanche le minist\u00e8re de la Sant\u00e9 et de la Protection sociale. Dans son bulletin quotidien sur la situation \u00e9pid\u00e9miologique, le minist\u00e8re a en outre pr\u00e9cis\u00e9 que le nombre de primo-vaccin\u00e9s a atteint 24.920.856, celui &hellip;<\/p>\n","protected":false},"author":9,"featured_media":20914,"comment_status":"open","ping_status":"closed","sticky":false,"template":"","format":"standard","meta":{"footnotes":""},"categories":[168],"tags":[],"class_list":["post-20913","post","type-post","status-publish","format-standard","has-post-thumbnail","hentry","category-pandemie-2"],"_links":{"self":[{"href":"https:\/\/letempsmag.ma\/index.php?rest_route=\/wp\/v2\/posts\/20913","targetHints":{"allow":["GET"]}}],"collection":[{"href":"https:\/\/letempsmag.ma\/index.php?rest_route=\/wp\/v2\/posts"}],"about":[{"href":"https:\/\/letempsmag.ma\/index.php?rest_route=\/wp\/v2\/types\/post"}],"author":[{"embeddable":true,"href":"https:\/\/letempsmag.ma\/index.php?rest_route=\/wp\/v2\/users\/9"}],"replies":[{"embeddable":true,"href":"https:\/\/letempsmag.ma\/index.php?rest_route=%2Fwp%2Fv2%2Fcomments&post=20913"}],"version-history":[{"count":1,"href":"https:\/\/letempsmag.ma\/index.php?rest_route=\/wp\/v2\/posts\/20913\/revisions"}],"predecessor-version":[{"id":20915,"href":"https:\/\/letempsmag.ma\/index.php?rest_route=\/wp\/v2\/posts\/20913\/revisions\/20915"}],"wp:featuredmedia":[{"embeddable":true,"href":"https:\/\/letempsmag.ma\/index.php?rest_route=\/wp\/v2\/media\/20914"}],"wp:attachment":[{"href":"https:\/\/letempsmag.ma\/index.php?rest_route=%2Fwp%2Fv2%2Fmedia&parent=20913"}],"wp:term":[{"taxonomy":"category","embeddable":true,"href":"https:\/\/letempsmag.ma\/index.php?rest_route=%2Fwp%2Fv2%2Fcategories&post=20913"},{"taxonomy":"post_tag","embeddable":true,"href":"https:\/\/letempsmag.ma\/index.php?rest_route=%2Fwp%2Fv2%2Ftags&post=20913"}],"curies":[{"name":"wp","href":"https:\/\/api.w.org\/{rel}","templated":true}]}}