{"id":20841,"date":"2023-02-17T15:37:48","date_gmt":"2023-02-17T14:37:48","guid":{"rendered":"https:\/\/letempsmag.ma\/?p=20841"},"modified":"2023-02-17T15:37:48","modified_gmt":"2023-02-17T14:37:48","slug":"ikea-cabo-veut-faire-mieux-quikea-zenata","status":"publish","type":"post","link":"https:\/\/letempsmag.ma\/?p=20841","title":{"rendered":"<strong>IKEA Cabo veut faire mieux qu\u2019IKEA Z\u00e9nata<\/strong>"},"content":{"rendered":"\n<p>IKEA, l\u2019enseigne internationale et leader des solutions d\u2019ameublement et de d\u00e9coration, a ouvert mardi dernier son deuxi\u00e8me grand magasin au Maroc, dans la r\u00e9gion nord. Ce 2<sup>\u00e8me<\/sup> site a \u00e9t\u00e9 am\u00e9nag\u00e9 au sein de la zone commerciale d\u00e9velopp\u00e9e par Tanger Med Zones (TMZ), sur la route reliant T\u00e9touan \u00e0 Mdiq, \u00e0 proximit\u00e9 de Cabo Negro. Marino Maganto en personne a tenu \u00e0 couper le ruban pour l\u2019inauguration. Il s\u2019agit du Directeur G\u00e9n\u00e9ral d\u2019IKEA pour le Maroc, le Kowe\u00eft et la Jordanie et par ailleurs PDG de SYH Morocco (groupe qui d\u00e9tient la carte IKEA dans la r\u00e9gion). De nombreuses personnalit\u00e9s se sont d\u00e9plac\u00e9es pour cet \u00e9v\u00e9nement, notamment le wali de la r\u00e9gion Tanger-T\u00e9touan-Al Hoceima, Mohamed Mhidia; le pr\u00e9sident du groupe Tanger Med, Fouad Brini; le pr\u00e9sident du Conseil r\u00e9gional, Omar Moro\u2026 Le Directeur du magasin IKEA Cabo, Chakir Berrada (photo), a rejoint l\u2019\u00e9quipe logistique d\u2019IKEA en 2015 et a connu une \u00e9volution professionnelle remarquable au sein de l\u2019entreprise, ce qui lui a permis de devenir le premier Directeur de magasin form\u00e9 en interne au Maroc. Nous l\u2019avons interview\u00e9.<\/p>\n\n\n\n<p><strong><em>\u00c0 l\u2019occasion de cette ouverture, vous lancez une op\u00e9ration promotionnelle tr\u00e8s limit\u00e9e sur le temps. Pourquoi&nbsp;?<\/em><\/strong><\/p>\n\n\n\n<p>Oui, c\u2019est vrai. Normalement, on ne fait pas de promotions dans les ouvertures chez IKEA. Cette fois-ci, on a pens\u00e9 \u00e0 faire un cadeau d\u2019ouverture pour marquer le coup. Comme on dit au Maroc, \u00abil n\u2019y a pas de voisin qui arrive sans cadeau\u00bb. C\u2019est pour cela qu\u2019on a pens\u00e9 \u00e0 offrir des cadeaux sous forme de promotion pour nos visiteurs.<\/p>\n\n\n\n<p><strong><em>Pensez-vous qu\u2019il y aura autant de succ\u00e8s \u00e0 IKEA Cabo qu\u2019\u00e0 IKEA Z\u00e9nata&nbsp;?<\/em><\/strong><\/p>\n\n\n\n<p>On esp\u00e8re qu\u2019il y aura plus de succ\u00e8s qu\u2019\u00e0 IKEA Z\u00e9nata et on en est s\u00fbr parce que la r\u00e9gion est prometteuse \u00e0 tous les plans&nbsp;!<\/p>\n\n\n\n<p><strong><em>Concernant le d\u00e9p\u00f4t des stocks<\/em><\/strong><strong><em>,<\/em><\/strong><strong><em> vous aurez vos propres stocks ou bien d\u00e9pendrez-vous d\u2019IKEA Z\u00e9nata&nbsp;?<\/em><\/strong><\/p>\n\n\n\n<p>Nous avons notre propre d\u00e9p\u00f4t qui a une capacit\u00e9 un peu limit\u00e9e certes, mais la majorit\u00e9 des stocks vient de la plateforme logistique \u00e0 Casablanca.<\/p>\n\n\n\n<p><strong>Propos recueillis par LAIDIA FAHIM<\/strong><\/p>\n","protected":false},"excerpt":{"rendered":"<p>IKEA, l\u2019enseigne internationale et leader des solutions d\u2019ameublement et de d\u00e9coration, a ouvert mardi dernier son deuxi\u00e8me grand magasin au Maroc, dans la r\u00e9gion nord. Ce 2\u00e8me site a \u00e9t\u00e9 am\u00e9nag\u00e9 au sein de la zone commerciale d\u00e9velopp\u00e9e par Tanger Med Zones (TMZ), sur la route reliant T\u00e9touan \u00e0 Mdiq, \u00e0 proximit\u00e9 de Cabo Negro. &hellip;<\/p>\n","protected":false},"author":9,"featured_media":20842,"comment_status":"open","ping_status":"closed","sticky":false,"template":"","format":"standard","meta":{"footnotes":""},"categories":[860],"tags":[],"class_list":["post-20841","post","type-post","status-publish","format-standard","has-post-thumbnail","hentry","category-grandes-surfaces"],"_links":{"self":[{"href":"https:\/\/letempsmag.ma\/index.php?rest_route=\/wp\/v2\/posts\/20841","targetHints":{"allow":["GET"]}}],"collection":[{"href":"https:\/\/letempsmag.ma\/index.php?rest_route=\/wp\/v2\/posts"}],"about":[{"href":"https:\/\/letempsmag.ma\/index.php?rest_route=\/wp\/v2\/types\/post"}],"author":[{"embeddable":true,"href":"https:\/\/letempsmag.ma\/index.php?rest_route=\/wp\/v2\/users\/9"}],"replies":[{"embeddable":true,"href":"https:\/\/letempsmag.ma\/index.php?rest_route=%2Fwp%2Fv2%2Fcomments&post=20841"}],"version-history":[{"count":1,"href":"https:\/\/letempsmag.ma\/index.php?rest_route=\/wp\/v2\/posts\/20841\/revisions"}],"predecessor-version":[{"id":20843,"href":"https:\/\/letempsmag.ma\/index.php?rest_route=\/wp\/v2\/posts\/20841\/revisions\/20843"}],"wp:featuredmedia":[{"embeddable":true,"href":"https:\/\/letempsmag.ma\/index.php?rest_route=\/wp\/v2\/media\/20842"}],"wp:attachment":[{"href":"https:\/\/letempsmag.ma\/index.php?rest_route=%2Fwp%2Fv2%2Fmedia&parent=20841"}],"wp:term":[{"taxonomy":"category","embeddable":true,"href":"https:\/\/letempsmag.ma\/index.php?rest_route=%2Fwp%2Fv2%2Fcategories&post=20841"},{"taxonomy":"post_tag","embeddable":true,"href":"https:\/\/letempsmag.ma\/index.php?rest_route=%2Fwp%2Fv2%2Ftags&post=20841"}],"curies":[{"name":"wp","href":"https:\/\/api.w.org\/{rel}","templated":true}]}}