{"id":20832,"date":"2023-02-17T15:34:20","date_gmt":"2023-02-17T14:34:20","guid":{"rendered":"https:\/\/letempsmag.ma\/?p=20832"},"modified":"2023-02-17T15:34:21","modified_gmt":"2023-02-17T14:34:21","slug":"les-salaires-des-journalistes-professionnels-enfin-revalorises","status":"publish","type":"post","link":"https:\/\/letempsmag.ma\/?p=20832","title":{"rendered":"<strong>Les salaires des journalistes professionnels enfin revaloris\u00e9s<\/strong>"},"content":{"rendered":"\n<p>L&#8217;Association Nationale des M\u00e9dias et \u00c9diteurs (ANME) et le Syndicat National de la Presse Marocaine (SNPM) ont sign\u00e9, le jeudi 16 f\u00e9vrier courant, une nouvelle convention collective. Paraph\u00e9e sous l&#8217;\u00e9gide du Ministre de la Jeunesse, de la Culture et de la Communication, Mohamed Mehdi Bensaid, la convention vise \u00e0 renforcer les capacit\u00e9s des entreprises de presse et \u00e0 am\u00e9liorer les conditions des journalistes professionnels. Elle garantit aux journalistes ayant plus de 4 ans d&#8217;anciennet\u00e9 une augmentation de 2.000 DH nets par mois \u00e9tal\u00e9e sur deux ann\u00e9es. Les journalistes qui arriveront \u00e0 4 ans d&#8217;anciennet\u00e9 l&#8217;ann\u00e9e prochaine b\u00e9n\u00e9ficieront d&#8217;une augmentation de 1.000 DH nets par mois.<\/p>\n","protected":false},"excerpt":{"rendered":"<p>L&#8217;Association Nationale des M\u00e9dias et \u00c9diteurs (ANME) et le Syndicat National de la Presse Marocaine (SNPM) ont sign\u00e9, le jeudi 16 f\u00e9vrier courant, une nouvelle convention collective. Paraph\u00e9e sous l&#8217;\u00e9gide du Ministre de la Jeunesse, de la Culture et de la Communication, Mohamed Mehdi Bensaid, la convention vise \u00e0 renforcer les capacit\u00e9s des entreprises de &hellip;<\/p>\n","protected":false},"author":9,"featured_media":20833,"comment_status":"open","ping_status":"closed","sticky":false,"template":"","format":"standard","meta":{"footnotes":""},"categories":[247],"tags":[],"class_list":["post-20832","post","type-post","status-publish","format-standard","has-post-thumbnail","hentry","category-medias"],"_links":{"self":[{"href":"https:\/\/letempsmag.ma\/index.php?rest_route=\/wp\/v2\/posts\/20832","targetHints":{"allow":["GET"]}}],"collection":[{"href":"https:\/\/letempsmag.ma\/index.php?rest_route=\/wp\/v2\/posts"}],"about":[{"href":"https:\/\/letempsmag.ma\/index.php?rest_route=\/wp\/v2\/types\/post"}],"author":[{"embeddable":true,"href":"https:\/\/letempsmag.ma\/index.php?rest_route=\/wp\/v2\/users\/9"}],"replies":[{"embeddable":true,"href":"https:\/\/letempsmag.ma\/index.php?rest_route=%2Fwp%2Fv2%2Fcomments&post=20832"}],"version-history":[{"count":1,"href":"https:\/\/letempsmag.ma\/index.php?rest_route=\/wp\/v2\/posts\/20832\/revisions"}],"predecessor-version":[{"id":20834,"href":"https:\/\/letempsmag.ma\/index.php?rest_route=\/wp\/v2\/posts\/20832\/revisions\/20834"}],"wp:featuredmedia":[{"embeddable":true,"href":"https:\/\/letempsmag.ma\/index.php?rest_route=\/wp\/v2\/media\/20833"}],"wp:attachment":[{"href":"https:\/\/letempsmag.ma\/index.php?rest_route=%2Fwp%2Fv2%2Fmedia&parent=20832"}],"wp:term":[{"taxonomy":"category","embeddable":true,"href":"https:\/\/letempsmag.ma\/index.php?rest_route=%2Fwp%2Fv2%2Fcategories&post=20832"},{"taxonomy":"post_tag","embeddable":true,"href":"https:\/\/letempsmag.ma\/index.php?rest_route=%2Fwp%2Fv2%2Ftags&post=20832"}],"curies":[{"name":"wp","href":"https:\/\/api.w.org\/{rel}","templated":true}]}}