{"id":20826,"date":"2023-02-17T15:32:55","date_gmt":"2023-02-17T14:32:55","guid":{"rendered":"https:\/\/letempsmag.ma\/?p=20826"},"modified":"2023-02-17T15:32:55","modified_gmt":"2023-02-17T14:32:55","slug":"casablanca-a-accueilli-la-premiere-edition-de-laerospace-african-forum","status":"publish","type":"post","link":"https:\/\/letempsmag.ma\/?p=20826","title":{"rendered":"<strong>Casablanca a accueilli la premi\u00e8re \u00e9dition de l\u2019Aerospace African Forum<\/strong>"},"content":{"rendered":"\n<p>Le Groupement des Industries Marocaines A\u00e9ronautiques et Spatiales (GIMAS) a organis\u00e9, jeudi dernier \u00e0 Casablanca, en partenariat avec Africa Air Forum et avec le soutien de l\u2019Agence Marocaine de D\u00e9veloppement des Investissements et des Exportations (AMDIE), la premi\u00e8re \u00e9dition de l\u2019Aerospace African Forum, rendez-vous continental et international des activit\u00e9s a\u00e9rospatiales.<\/p>\n\n\n\n<p>Karim Cheikh, Pr\u00e9sident du GIMAS, d\u00e9clar\u00e9&nbsp;: \u00abC\u2019est la mobilisation de tous nos membres et l\u2019obligation de se r\u00e9inventer qui nous ont fait prendre conscience de la n\u00e9cessit\u00e9 de cr\u00e9er un \u00e9v\u00e9nement international d\u2019\u00e9change et de partage mettant en relation tous les d\u00e9cideurs de l\u2019Afrique avec ceux de cette fili\u00e8re qui incarnent le meilleur de la mondialisation. L\u2019Aerospace African Forum est un \u00e9l\u00e9ment de r\u00e9ponse dynamique que nous apportons pour contribuer \u00e0 la nouvelle r\u00e9volution \u00e9cologique et \u00e9conomique qui secoue notre Terre\u00bb.<\/p>\n\n\n\n<p>\u00c9changer des id\u00e9es avec les acteurs mondiaux de l\u2019a\u00e9rospatial, rencontrer les d\u00e9cideurs africains, trouver les partenaires ad\u00e9quats, pr\u00e9senter les derni\u00e8res offres technologiques, d\u00e9couvrir les innovations les plus pertinentes\u2026 Tout cela en moins d\u2019une journ\u00e9e. Tel a \u00e9t\u00e9 le concept de l\u2019Aerospace African Forum. La th\u00e9matique de la \u00abMobilit\u00e9 durable\u00bb a \u00e9t\u00e9 choisie pour cette premi\u00e8re \u00e9dition, souligne-t-on aupr\u00e8s du GIMAS, qui affirme que \u00able secteur a\u00e9rospatial a totalement pris en compte les d\u00e9fis climatiques, sociaux, \u00e9conomiques et sanitaires qui bouleversent la plan\u00e8te\u00bb.<\/p>\n\n\n\n<p>Au c\u0153ur de cette dynamique au Maroc, Casablanca, ville charni\u00e8re entre l\u2019Europe et de l\u2019Afrique, largement ouverte sur l\u2019Atlantique, a accueilli l\u2019Aerospace African Forum en tant que rendez-vous mondial largement ouvert sur l\u2019Afrique, ainsi qu\u2019un carrefour de l\u2019innovation pour toutes les mobilit\u00e9s, les structures a\u00e9roportuaires, l\u2019espace, l\u2019a\u00e9ronautique, la connectique, la d\u00e9fense, la s\u00e9curit\u00e9, les sujets environnementaux\u2026 Un \u00e9v\u00e9nement \u00e0 l\u2019image de la dynamique de l\u2019Afrique nourri par de nombreuses probl\u00e9matiques, rarement abord\u00e9es ailleurs. Quelles sont les attentes africaines face \u00e0 l\u2019offre technologique&nbsp;? Comment co-construire le d\u00e9veloppement du continent&nbsp;? Quel savoir-faire se propose de partager le Maroc dans les programmes internationaux&nbsp;? \u00c0 quelle \u00e9ch\u00e9ance l\u2019aviation sera-t-elle d\u00e9carbon\u00e9e&nbsp;? Une Afrique connect\u00e9e est-elle le nouvel Eldorado des mobilit\u00e9s durables&nbsp;? Autant de sujets abord\u00e9s par les meilleurs experts mondiaux en la mati\u00e8re. \u00abPour mieux partager, mieux rayonner, la diffusion gratuite, en direct, des d\u00e9bats a permis \u00e0 un large public, en particulier aux jeunes g\u00e9n\u00e9rations et aux universit\u00e9s partenaires, d\u2019acc\u00e9der aux \u00e9changes des participants. Avec l\u2019Aerospace African Forum.<\/p>\n\n\n\n<p><strong>C. A.<\/strong><\/p>\n","protected":false},"excerpt":{"rendered":"<p>Le Groupement des Industries Marocaines A\u00e9ronautiques et Spatiales (GIMAS) a organis\u00e9, jeudi dernier \u00e0 Casablanca, en partenariat avec Africa Air Forum et avec le soutien de l\u2019Agence Marocaine de D\u00e9veloppement des Investissements et des Exportations (AMDIE), la premi\u00e8re \u00e9dition de l\u2019Aerospace African Forum, rendez-vous continental et international des activit\u00e9s a\u00e9rospatiales. Karim Cheikh, Pr\u00e9sident du GIMAS, &hellip;<\/p>\n","protected":false},"author":9,"featured_media":20827,"comment_status":"open","ping_status":"closed","sticky":false,"template":"","format":"standard","meta":{"footnotes":""},"categories":[114],"tags":[],"class_list":["post-20826","post","type-post","status-publish","format-standard","has-post-thumbnail","hentry","category-technologies"],"_links":{"self":[{"href":"https:\/\/letempsmag.ma\/index.php?rest_route=\/wp\/v2\/posts\/20826","targetHints":{"allow":["GET"]}}],"collection":[{"href":"https:\/\/letempsmag.ma\/index.php?rest_route=\/wp\/v2\/posts"}],"about":[{"href":"https:\/\/letempsmag.ma\/index.php?rest_route=\/wp\/v2\/types\/post"}],"author":[{"embeddable":true,"href":"https:\/\/letempsmag.ma\/index.php?rest_route=\/wp\/v2\/users\/9"}],"replies":[{"embeddable":true,"href":"https:\/\/letempsmag.ma\/index.php?rest_route=%2Fwp%2Fv2%2Fcomments&post=20826"}],"version-history":[{"count":1,"href":"https:\/\/letempsmag.ma\/index.php?rest_route=\/wp\/v2\/posts\/20826\/revisions"}],"predecessor-version":[{"id":20828,"href":"https:\/\/letempsmag.ma\/index.php?rest_route=\/wp\/v2\/posts\/20826\/revisions\/20828"}],"wp:featuredmedia":[{"embeddable":true,"href":"https:\/\/letempsmag.ma\/index.php?rest_route=\/wp\/v2\/media\/20827"}],"wp:attachment":[{"href":"https:\/\/letempsmag.ma\/index.php?rest_route=%2Fwp%2Fv2%2Fmedia&parent=20826"}],"wp:term":[{"taxonomy":"category","embeddable":true,"href":"https:\/\/letempsmag.ma\/index.php?rest_route=%2Fwp%2Fv2%2Fcategories&post=20826"},{"taxonomy":"post_tag","embeddable":true,"href":"https:\/\/letempsmag.ma\/index.php?rest_route=%2Fwp%2Fv2%2Ftags&post=20826"}],"curies":[{"name":"wp","href":"https:\/\/api.w.org\/{rel}","templated":true}]}}