{"id":20823,"date":"2023-02-17T15:28:52","date_gmt":"2023-02-17T14:28:52","guid":{"rendered":"https:\/\/letempsmag.ma\/?p=20823"},"modified":"2023-02-17T15:28:53","modified_gmt":"2023-02-17T14:28:53","slug":"le-groupe-intelcia-lance-sa-smartforce-academy","status":"publish","type":"post","link":"https:\/\/letempsmag.ma\/?p=20823","title":{"rendered":"<strong>Le groupe Intelcia lance sa Smartforce Academy<\/strong>"},"content":{"rendered":"\n<p>Intelcia IT Solutions, p\u00f4le d\u00e9di\u00e9 aux solutions et services IT du groupe Intelcia, vient de lancer sa Smartforce Academy, en partenariat avec D&amp;A Technologies, int\u00e9grateur de solutions Salesforce au Maroc et \u00e0 l\u2019\u00e9tranger. Enti\u00e8rement d\u00e9di\u00e9 \u00e0 l\u2019apprentissage de l\u2019outil Salesforce, ce projet novateur s\u2019inscrit dans la strat\u00e9gie globale du groupe, tant en mati\u00e8re de d\u00e9veloppement des talents que de positionnement global sur le march\u00e9 de l\u2019lT outsourcing. Apr\u00e8s une ann\u00e9e 2022 charni\u00e8re pour Intelcia IT Solutions, avec un chiffre d\u2019affaires passe de 10 millions d\u2019euros en 2021 \u00e0 20,6 millions d\u2019euros en 2022, et des r\u00e9alisations remarquables \u00e0 l\u2019international, le lancement de cette Smartforce Academy vient confirmer les ambitions d\u2019Intelcia IT Solutions. En tant qu\u2019acteur global de l\u2019externalisation IT, la formation et l\u2019innovation constituent les piliers de l\u2019engagement d\u2019Intelcia IT Solutions vis-\u00e0-vis de ses clients, avec une volont\u00e9 affirm\u00e9e d\u2019accompagner les ing\u00e9nieurs sur les derni\u00e8res technologies et solutions du march\u00e9. Avec plus de 250 formations et certifications d\u00e9livr\u00e9es aux collaborateurs, Intelcia IT Solutions fait donc de la mont\u00e9e en comp\u00e9tence de ses talents son fer de lance. Un enjeu de taille au vu des objectifs affich\u00e9s pour le p\u00f4le IT du groupe, \u00e0 savoir un chiffre d\u2019affaires de 50 millions d\u2019euros \u00e0 horizon 2025.<\/p>\n\n\n\n<p><strong>M. E.<\/strong><\/p>\n","protected":false},"excerpt":{"rendered":"<p>Intelcia IT Solutions, p\u00f4le d\u00e9di\u00e9 aux solutions et services IT du groupe Intelcia, vient de lancer sa Smartforce Academy, en partenariat avec D&amp;A Technologies, int\u00e9grateur de solutions Salesforce au Maroc et \u00e0 l\u2019\u00e9tranger. Enti\u00e8rement d\u00e9di\u00e9 \u00e0 l\u2019apprentissage de l\u2019outil Salesforce, ce projet novateur s\u2019inscrit dans la strat\u00e9gie globale du groupe, tant en mati\u00e8re de d\u00e9veloppement &hellip;<\/p>\n","protected":false},"author":9,"featured_media":20824,"comment_status":"open","ping_status":"closed","sticky":false,"template":"","format":"standard","meta":{"footnotes":""},"categories":[949],"tags":[],"class_list":["post-20823","post","type-post","status-publish","format-standard","has-post-thumbnail","hentry","category-services-it"],"_links":{"self":[{"href":"https:\/\/letempsmag.ma\/index.php?rest_route=\/wp\/v2\/posts\/20823","targetHints":{"allow":["GET"]}}],"collection":[{"href":"https:\/\/letempsmag.ma\/index.php?rest_route=\/wp\/v2\/posts"}],"about":[{"href":"https:\/\/letempsmag.ma\/index.php?rest_route=\/wp\/v2\/types\/post"}],"author":[{"embeddable":true,"href":"https:\/\/letempsmag.ma\/index.php?rest_route=\/wp\/v2\/users\/9"}],"replies":[{"embeddable":true,"href":"https:\/\/letempsmag.ma\/index.php?rest_route=%2Fwp%2Fv2%2Fcomments&post=20823"}],"version-history":[{"count":1,"href":"https:\/\/letempsmag.ma\/index.php?rest_route=\/wp\/v2\/posts\/20823\/revisions"}],"predecessor-version":[{"id":20825,"href":"https:\/\/letempsmag.ma\/index.php?rest_route=\/wp\/v2\/posts\/20823\/revisions\/20825"}],"wp:featuredmedia":[{"embeddable":true,"href":"https:\/\/letempsmag.ma\/index.php?rest_route=\/wp\/v2\/media\/20824"}],"wp:attachment":[{"href":"https:\/\/letempsmag.ma\/index.php?rest_route=%2Fwp%2Fv2%2Fmedia&parent=20823"}],"wp:term":[{"taxonomy":"category","embeddable":true,"href":"https:\/\/letempsmag.ma\/index.php?rest_route=%2Fwp%2Fv2%2Fcategories&post=20823"},{"taxonomy":"post_tag","embeddable":true,"href":"https:\/\/letempsmag.ma\/index.php?rest_route=%2Fwp%2Fv2%2Ftags&post=20823"}],"curies":[{"name":"wp","href":"https:\/\/api.w.org\/{rel}","templated":true}]}}