{"id":20817,"date":"2023-02-17T15:27:03","date_gmt":"2023-02-17T14:27:03","guid":{"rendered":"https:\/\/letempsmag.ma\/?p=20817"},"modified":"2023-02-17T15:27:04","modified_gmt":"2023-02-17T14:27:04","slug":"marjane-hypermarches-et-nareva-services-la-main-dans-la-main","status":"publish","type":"post","link":"https:\/\/letempsmag.ma\/?p=20817","title":{"rendered":"<strong>Marjane Hypermarch\u00e9s et Nareva Services la main dans la main<\/strong>"},"content":{"rendered":"\n<p>Marjane Hypermarch\u00e9s lance en partenariat avec Nareva Services, filiale du groupe Nareva, un programme d\u2019\u00e9quipement en centrales photovolta\u00efques de l\u2019ensemble de ses sites et de fourniture d\u2019\u00e9lectricit\u00e9 renouvelable, dans le cadre d\u2019une strat\u00e9gie de d\u00e9carbonation de ses activit\u00e9s. Un programme d\u2019installation de centrales photovolta\u00efques destin\u00e9 \u00e0 r\u00e9duire son empreinte carbone de 25% d&#8217;ici \u00e0 2025, l\u2019\u00e9quivalent de 19.881 tonnes par an d\u2019\u00e9mission de CO2 \u00e9vit\u00e9es, ce qui correspond \u00e0 environ 4.905 hectares de for\u00eats plant\u00e9es par an. Marjane M\u00e9nara, \u00e0 Marrakech, a \u00e9t\u00e9 le site pilote avec une installation de 1.152 panneaux photovolta\u00efques monocristallins d\u2019une puissance nominale de 540 Wc.<\/p>\n\n\n\n<p>Apr\u00e8s cette premi\u00e8re installation r\u00e9ussie, Marjane et Nareva Services ouvrent la voie \u00e0 un partenariat strat\u00e9gique afin de lancer un programme d\u2019\u00e9quipement en centrales solaires photovolta\u00efques de l\u2019ensemble des sites Marjane sur les trois prochaines ann\u00e9es. Ce programme a pour but de promouvoir la transition vers une \u00e9nergie propre et durable dans les hypermarch\u00e9s Marjane en utilisant la technologie photovolta\u00efque pour produire de l&#8217;\u00e9lectricit\u00e9 verte et r\u00e9duire son empreinte carbone.<\/p>\n\n\n\n<p>Pour les besoins de l\u2019hypermarch\u00e9 Marjane M\u00e9nara, \u00e0 Marrakech, en tant que site-pilote, Nareva Services a r\u00e9alis\u00e9 l\u2019\u00e9tude, le dimensionnement et la construction d\u2019une centrale solaire pour produire et fournir de l&#8217;\u00e9lectricit\u00e9 renouvelable photovolta\u00efque. Une installation pilote de 1.152 panneaux photovolta\u00efques monocristallins d\u2019une puissance nominale de 540 Wc (Watt cr\u00eate) et 9 onduleurs de 60 KV a \u00e9t\u00e9 r\u00e9alis\u00e9e. Cette installation-pilote permettra \u00e0 l\u2019hypermarch\u00e9 de consommer pr\u00e8s de 60% de son besoin en \u00e9lectricit\u00e9 pendant les heures pleines.<\/p>\n\n\n\n<p>Dans une premi\u00e8re \u00e9tape et d\u2019ici fin 2025, Nareva Services accompagnera Marjane dans la transition \u00e9nerg\u00e9tique de 32 autres magasins sur 10 villes, \u00e0 savoir Casablanca, Agadir, Tanger, Mohammedia, El Jadida, Sal\u00e9, K\u00e9nitra, T\u00e9touan, Larache et Bouskoura. Cela marquera une \u00e9tape importante dans la transformation du mod\u00e8le \u00e9nerg\u00e9tique du groupe.<\/p>\n\n\n\n<p>Mhamed Chlyeh, Directeur G\u00e9n\u00e9ral D\u00e9l\u00e9gu\u00e9 de Marjane, d\u00e9clare&nbsp;: \u00abMarjane entend, via ce projet de transition, r\u00e9duire son impact environnemental de mani\u00e8re significative, et ce, \u00e0 travers la conversion des hypermarch\u00e9s Marjane en magasins \u00e9cologiques dot\u00e9s de syst\u00e8mes \u00e0 base de centrales solaires photovolta\u00efques\u00bb.<\/p>\n\n\n\n<p>Pour sa part, Norddine Moukhlisse, Directeur G\u00e9n\u00e9ral D\u00e9l\u00e9gu\u00e9 de Nareva Services, confie&nbsp;: \u00abNous nous r\u00e9jouissons de ce partenariat avec Marjane. Nareva Services a con\u00e7u et mis en exploitation un projet de centrale solaire photovolta\u00efque r\u00e9pondant aux exigences techniques et environnementales les plus avanc\u00e9es, permettant \u00e0 Marjane de r\u00e9duire l\u2019empreinte carbone et la facture \u00e9nerg\u00e9tique de mani\u00e8re consid\u00e9rable\u00bb.<\/p>\n","protected":false},"excerpt":{"rendered":"<p>Marjane Hypermarch\u00e9s lance en partenariat avec Nareva Services, filiale du groupe Nareva, un programme d\u2019\u00e9quipement en centrales photovolta\u00efques de l\u2019ensemble de ses sites et de fourniture d\u2019\u00e9lectricit\u00e9 renouvelable, dans le cadre d\u2019une strat\u00e9gie de d\u00e9carbonation de ses activit\u00e9s. Un programme d\u2019installation de centrales photovolta\u00efques destin\u00e9 \u00e0 r\u00e9duire son empreinte carbone de 25% d&#8217;ici \u00e0 2025, &hellip;<\/p>\n","protected":false},"author":9,"featured_media":20818,"comment_status":"open","ping_status":"closed","sticky":false,"template":"","format":"standard","meta":{"footnotes":""},"categories":[948],"tags":[],"class_list":["post-20817","post","type-post","status-publish","format-standard","has-post-thumbnail","hentry","category-transition-energetique"],"_links":{"self":[{"href":"https:\/\/letempsmag.ma\/index.php?rest_route=\/wp\/v2\/posts\/20817","targetHints":{"allow":["GET"]}}],"collection":[{"href":"https:\/\/letempsmag.ma\/index.php?rest_route=\/wp\/v2\/posts"}],"about":[{"href":"https:\/\/letempsmag.ma\/index.php?rest_route=\/wp\/v2\/types\/post"}],"author":[{"embeddable":true,"href":"https:\/\/letempsmag.ma\/index.php?rest_route=\/wp\/v2\/users\/9"}],"replies":[{"embeddable":true,"href":"https:\/\/letempsmag.ma\/index.php?rest_route=%2Fwp%2Fv2%2Fcomments&post=20817"}],"version-history":[{"count":1,"href":"https:\/\/letempsmag.ma\/index.php?rest_route=\/wp\/v2\/posts\/20817\/revisions"}],"predecessor-version":[{"id":20819,"href":"https:\/\/letempsmag.ma\/index.php?rest_route=\/wp\/v2\/posts\/20817\/revisions\/20819"}],"wp:featuredmedia":[{"embeddable":true,"href":"https:\/\/letempsmag.ma\/index.php?rest_route=\/wp\/v2\/media\/20818"}],"wp:attachment":[{"href":"https:\/\/letempsmag.ma\/index.php?rest_route=%2Fwp%2Fv2%2Fmedia&parent=20817"}],"wp:term":[{"taxonomy":"category","embeddable":true,"href":"https:\/\/letempsmag.ma\/index.php?rest_route=%2Fwp%2Fv2%2Fcategories&post=20817"},{"taxonomy":"post_tag","embeddable":true,"href":"https:\/\/letempsmag.ma\/index.php?rest_route=%2Fwp%2Fv2%2Ftags&post=20817"}],"curies":[{"name":"wp","href":"https:\/\/api.w.org\/{rel}","templated":true}]}}