{"id":20791,"date":"2023-02-15T12:25:25","date_gmt":"2023-02-15T11:25:25","guid":{"rendered":"https:\/\/letempsmag.ma\/?p=20791"},"modified":"2023-02-15T17:53:19","modified_gmt":"2023-02-15T16:53:19","slug":"le-musee-yves-saint-laurent-marrakech-organise-un-enorme-happening-tout-au-long-de-2023","status":"publish","type":"post","link":"https:\/\/letempsmag.ma\/?p=20791","title":{"rendered":"<strong>Le Mus\u00e9e Yves Saint-Laurent Marrakech organise un \u00e9norme happening tout au long de 2023<\/strong>"},"content":{"rendered":"\n<p>Le mus\u00e9e Yves Saint-Laurent Marrakech annonce un grand \u00e9v\u00e9nement culturel et artistique, en l\u2019occurrence une exposition \u00abYves Saint-Laurent&nbsp;: Traits portrait\u00bb. Con\u00e7ue par Olivier Saillard et Ga\u00ebl Mamine, l\u2019exposition s\u2019\u00e9talera du 4 mars prochain au 28 janvier 2024. Le happening explore le riche corpus d\u2019\u0153uvres graphiques pr\u00e9paratoires du d\u00e9funt couturier. Tous deux entretiennent des liens \u00e9troits avec les cr\u00e9ations d\u2019Yves Saint-Laurent. Olivier Saillard fut le commissaire de l\u2019importante exposition \u00abYves Saint-Laurent 1971&nbsp;: la collection du scandale\u00bb, organis\u00e9e au mus\u00e9e Yves Saint-Laurent Paris en 2015, qui revenait sur une collection l\u00e9gendaire. Ga\u00ebl Mamine a \u00e9t\u00e9 responsable des collections et des textiles \u00e0 la Fondation Pierre Berg\u00e9-Yves Saint Laurent et a largement contribu\u00e9 \u00e0 la r\u00e9trospective Yves Saint-Laurent organis\u00e9e en 2008 au mus\u00e9e des Beaux-Arts de Montr\u00e9al.<\/p>\n\n\n\n<p>Alors que l\u2019on explore plus \u00e0 fond le vaste r\u00e9pertoire de cr\u00e9ations laiss\u00e9 par Yves Saint-Laurent, il appara\u00eet essentiel d\u2019analyser la gen\u00e8se de ses collections \u00e0 la lumi\u00e8re de ses nombreux dessins et croquis pr\u00e9paratoires, aujourd\u2019hui conserv\u00e9s \u00e0 la Fondation Pierre Berg\u00e9 &#8211; Yves Saint Laurent \u00e0 Paris. C\u2019est en effet ici, parmi les plus de 60.000 croquis et dessins conserv\u00e9s par la Fondation, que la vision de la mode propre \u00e0 ce grand couturier fran\u00e7ais peut \u00eatre appr\u00e9hend\u00e9e de la fa\u00e7on la plus directe qui soit gr\u00e2ce \u00e0 des illustrations au trait d\u2019une grande simplicit\u00e9 bien que souvent tr\u00e8s \u00e9vocatrices. Dans nombre de ces dessins, m\u00eame le type de tissu envisag\u00e9 pour tel ou tel mod\u00e8le est sugg\u00e9r\u00e9 de mani\u00e8re implicite&nbsp;: la l\u00e9g\u00e8ret\u00e9 de la mousseline, le chatoiement de la soie, la trame \u00e9paisse du tweed et la somptuosit\u00e9 du velours sont magnifiquement et ostensiblement \u00e9voqu\u00e9s par de simples traits trac\u00e9s au crayon \u00ab2B\u00bb.<\/p>\n\n\n\n<p>En regardant ces dessins d\u2019une force incroyable qui allaient \u00eatre miraculeusement transform\u00e9s en cr\u00e9ations mythiques par les ateliers parisiens de la maison Yves Saint-<\/p>\n\n\n\n<p>Laurent, il est extr\u00eamement \u00e9mouvant de penser qu\u2019un grand nombre d\u2019entre eux ont \u00e9t\u00e9 r\u00e9alis\u00e9s au cours des s\u00e9jours que le couturier effectuait deux fois par an dans sa ch\u00e8re ville de Marrakech. Il appara\u00eet donc appropri\u00e9, lorsqu\u2019on se plonge dans cet extraordinaire fonds de dessins et de croquis, que ces illustrations soient pr\u00e9sent\u00e9es pour la premi\u00e8re fois ici, au Maroc&nbsp;: c\u2019est ainsi que l\u2019on forme, \u00e0 partir d\u2019un trait, un cercle complet&nbsp;!<\/p>\n\n\n\n<p>Une exposition-\u00e9v\u00e9nement \u00e0 ne rater sous aucun pr\u00e9texte.<\/p>\n","protected":false},"excerpt":{"rendered":"<p>Le mus\u00e9e Yves Saint-Laurent Marrakech annonce un grand \u00e9v\u00e9nement culturel et artistique, en l\u2019occurrence une exposition \u00abYves Saint-Laurent&nbsp;: Traits portrait\u00bb. Con\u00e7ue par Olivier Saillard et Ga\u00ebl Mamine, l\u2019exposition s\u2019\u00e9talera du 4 mars prochain au 28 janvier 2024. Le happening explore le riche corpus d\u2019\u0153uvres graphiques pr\u00e9paratoires du d\u00e9funt couturier. Tous deux entretiennent des liens \u00e9troits &hellip;<\/p>\n","protected":false},"author":9,"featured_media":20813,"comment_status":"open","ping_status":"closed","sticky":false,"template":"","format":"standard","meta":{"footnotes":""},"categories":[149],"tags":[],"class_list":["post-20791","post","type-post","status-publish","format-standard","has-post-thumbnail","hentry","category-art"],"_links":{"self":[{"href":"https:\/\/letempsmag.ma\/index.php?rest_route=\/wp\/v2\/posts\/20791","targetHints":{"allow":["GET"]}}],"collection":[{"href":"https:\/\/letempsmag.ma\/index.php?rest_route=\/wp\/v2\/posts"}],"about":[{"href":"https:\/\/letempsmag.ma\/index.php?rest_route=\/wp\/v2\/types\/post"}],"author":[{"embeddable":true,"href":"https:\/\/letempsmag.ma\/index.php?rest_route=\/wp\/v2\/users\/9"}],"replies":[{"embeddable":true,"href":"https:\/\/letempsmag.ma\/index.php?rest_route=%2Fwp%2Fv2%2Fcomments&post=20791"}],"version-history":[{"count":1,"href":"https:\/\/letempsmag.ma\/index.php?rest_route=\/wp\/v2\/posts\/20791\/revisions"}],"predecessor-version":[{"id":20793,"href":"https:\/\/letempsmag.ma\/index.php?rest_route=\/wp\/v2\/posts\/20791\/revisions\/20793"}],"wp:featuredmedia":[{"embeddable":true,"href":"https:\/\/letempsmag.ma\/index.php?rest_route=\/wp\/v2\/media\/20813"}],"wp:attachment":[{"href":"https:\/\/letempsmag.ma\/index.php?rest_route=%2Fwp%2Fv2%2Fmedia&parent=20791"}],"wp:term":[{"taxonomy":"category","embeddable":true,"href":"https:\/\/letempsmag.ma\/index.php?rest_route=%2Fwp%2Fv2%2Fcategories&post=20791"},{"taxonomy":"post_tag","embeddable":true,"href":"https:\/\/letempsmag.ma\/index.php?rest_route=%2Fwp%2Fv2%2Ftags&post=20791"}],"curies":[{"name":"wp","href":"https:\/\/api.w.org\/{rel}","templated":true}]}}