{"id":20779,"date":"2023-02-13T12:13:27","date_gmt":"2023-02-13T11:13:27","guid":{"rendered":"https:\/\/letempsmag.ma\/?p=20779"},"modified":"2023-02-13T12:13:27","modified_gmt":"2023-02-13T11:13:27","slug":"3-nouveau-cas-au-maroc-en-24-heures-et-1-272-335-cas-cumules","status":"publish","type":"post","link":"https:\/\/letempsmag.ma\/?p=20779","title":{"rendered":"<strong>3 nouveau cas au Maroc en 24 heures et 1.272.335 cas cumul\u00e9s<\/strong>"},"content":{"rendered":"\n<p>Un total de 3 nouveaux cas d&#8217;infection au \u00abCovid-19\u00bb et 12 gu\u00e9risons a \u00e9t\u00e9 enregistr\u00e9 au Maroc dans les derni\u00e8res 24 heures, a indiqu\u00e9 dimanche le minist\u00e8re de la Sant\u00e9 et de la Protection sociale.<\/p>\n\n\n\n<p>Dans son bulletin quotidien sur la situation \u00e9pid\u00e9miologique, le minist\u00e8re a en outre pr\u00e9cis\u00e9 que le nombre de primo-vaccin\u00e9s a atteint 24.920.521, celui des personnes ayant re\u00e7u deux doses s&#8217;\u00e9l\u00e8ve \u00e0 23.421.871, alors que 6.878.072 personnes ont eu trois injections du vaccin et 60.130 ont re\u00e7u la quatri\u00e8me dose.<\/p>\n\n\n\n<p>Le nouveau bilan d&#8217;infections porte \u00e0 1.272.335 le nombre total des contaminations depuis le premier cas signal\u00e9 au Maroc le 2 mars 2020, tandis que le nombre des personnes r\u00e9tablies est pass\u00e9 \u00e0 1.255.974, soit un taux de gu\u00e9rison de 98,7%.<\/p>\n\n\n\n<p>Les nouveaux cas d&#8217;infection ont \u00e9t\u00e9 recens\u00e9s dans les r\u00e9gions de Grand Casablanca-Settat (2) et l&#8217;Oriental (1).<\/p>\n\n\n\n<p>Le nombre total des d\u00e9c\u00e8s est toujours de 16.296 (l\u00e9talit\u00e9 1,3%), avec z\u00e9ro cas enregistr\u00e9 lors des derni\u00e8res 24 heures.<\/p>\n\n\n\n<p>Les cas actifs sont au nombre de 65, avec z\u00e9ro cas s\u00e9v\u00e8re ou critique lors des derni\u00e8res 24 heures.<\/p>\n","protected":false},"excerpt":{"rendered":"<p>Un total de 3 nouveaux cas d&#8217;infection au \u00abCovid-19\u00bb et 12 gu\u00e9risons a \u00e9t\u00e9 enregistr\u00e9 au Maroc dans les derni\u00e8res 24 heures, a indiqu\u00e9 dimanche le minist\u00e8re de la Sant\u00e9 et de la Protection sociale. Dans son bulletin quotidien sur la situation \u00e9pid\u00e9miologique, le minist\u00e8re a en outre pr\u00e9cis\u00e9 que le nombre de primo-vaccin\u00e9s a &hellip;<\/p>\n","protected":false},"author":9,"featured_media":20780,"comment_status":"open","ping_status":"closed","sticky":false,"template":"","format":"standard","meta":{"footnotes":""},"categories":[168],"tags":[],"class_list":["post-20779","post","type-post","status-publish","format-standard","has-post-thumbnail","hentry","category-pandemie-2"],"_links":{"self":[{"href":"https:\/\/letempsmag.ma\/index.php?rest_route=\/wp\/v2\/posts\/20779","targetHints":{"allow":["GET"]}}],"collection":[{"href":"https:\/\/letempsmag.ma\/index.php?rest_route=\/wp\/v2\/posts"}],"about":[{"href":"https:\/\/letempsmag.ma\/index.php?rest_route=\/wp\/v2\/types\/post"}],"author":[{"embeddable":true,"href":"https:\/\/letempsmag.ma\/index.php?rest_route=\/wp\/v2\/users\/9"}],"replies":[{"embeddable":true,"href":"https:\/\/letempsmag.ma\/index.php?rest_route=%2Fwp%2Fv2%2Fcomments&post=20779"}],"version-history":[{"count":1,"href":"https:\/\/letempsmag.ma\/index.php?rest_route=\/wp\/v2\/posts\/20779\/revisions"}],"predecessor-version":[{"id":20781,"href":"https:\/\/letempsmag.ma\/index.php?rest_route=\/wp\/v2\/posts\/20779\/revisions\/20781"}],"wp:featuredmedia":[{"embeddable":true,"href":"https:\/\/letempsmag.ma\/index.php?rest_route=\/wp\/v2\/media\/20780"}],"wp:attachment":[{"href":"https:\/\/letempsmag.ma\/index.php?rest_route=%2Fwp%2Fv2%2Fmedia&parent=20779"}],"wp:term":[{"taxonomy":"category","embeddable":true,"href":"https:\/\/letempsmag.ma\/index.php?rest_route=%2Fwp%2Fv2%2Fcategories&post=20779"},{"taxonomy":"post_tag","embeddable":true,"href":"https:\/\/letempsmag.ma\/index.php?rest_route=%2Fwp%2Fv2%2Ftags&post=20779"}],"curies":[{"name":"wp","href":"https:\/\/api.w.org\/{rel}","templated":true}]}}