{"id":20673,"date":"2023-02-08T10:12:03","date_gmt":"2023-02-08T09:12:03","guid":{"rendered":"https:\/\/letempsmag.ma\/?p=20673"},"modified":"2023-02-08T10:12:04","modified_gmt":"2023-02-08T09:12:04","slug":"le-maroc-en-situation-epidemiologique-tres-confortable","status":"publish","type":"post","link":"https:\/\/letempsmag.ma\/?p=20673","title":{"rendered":"<strong>Le Maroc en situation \u00e9pid\u00e9miologique \u00abtr\u00e8s confortable\u00bb<\/strong>"},"content":{"rendered":"\n<p>Lors d\u2019une rencontre hier \u00e0 Rabat avec la presse nationale, consacr\u00e9e \u00e0 la pr\u00e9sentation du bilan \u00e9pid\u00e9miologique pour le mois de janvier 2023, le Dr Mouad Mrabet (photo), Coordonnateur du centre national des op\u00e9rations d\u2019urgence de sant\u00e9 publique au minist\u00e8re de la Sant\u00e9 et de la Protection sociale, a indiqu\u00e9 que la situation \u00e9pid\u00e9miologique actuelle au Maroc est la meilleure depuis le d\u00e9but de la pand\u00e9mie du \u00abCovid-19\u00bb en mars 2020.<\/p>\n\n\n\n<p>Selon le minist\u00e8re, la petite vague de propagation massive du virus \u00abSARS-CoV-2\u00bb, qui a dur\u00e9 dix semaines, a \u00e9t\u00e9 g\u00e9n\u00e9ralement marqu\u00e9e par un niveau moyen de propagation du coronavirus.<\/p>\n\n\n\n<p>Depuis quatre semaines, le Maroc est entr\u00e9 dans la 5<sup>\u00e8me<\/sup> p\u00e9riode int\u00e9rimaire, qui se caract\u00e9rise actuellement par une tr\u00e8s faible propagation des variants et des sous-lignages \u00abOmicron\u00bb, notamment les sous-variants \u00abBQ.1\u00bb et \u00abBA.2\u00bb et leurs sous-lignages, a indiqu\u00e9 le haut responsable.<\/p>\n\n\n\n<p>Concernant les nouveaux cas dangereux et critiques admis dans les services de r\u00e9animation, le Dr Mouad Mrabet a expliqu\u00e9 que depuis le d\u00e9but de 2023 et jusqu\u2019\u00e0 aujourd\u2019hui, seuls 27 cas ont \u00e9t\u00e9 admis dans les services de soins intensifs et de r\u00e9animation, dont seulement 2 cas au cours des deux derni\u00e8res semaines, pr\u00e9cisant que les complications de covidose grave ont co\u00fbt\u00e9 la vie \u00e0 deux personnes \u00e2g\u00e9es durant les premi\u00e8res semaines de l\u2019ann\u00e9e en cours.<\/p>\n\n\n\n<p>Le Coordonnateur du Centre national des op\u00e9rations d\u2019urgence a par ailleurs annonc\u00e9 qu\u2019au niveau national, \u00abnous vivons une situation \u00e9pid\u00e9miologique tr\u00e8s confortable\u00bb dans les diff\u00e9rentes r\u00e9gions, ajoutant que le syst\u00e8me de surveillance continue de traquer les indicateurs \u00e9pid\u00e9miologiques, notamment les variants en circulation dans le cadre de la veille g\u00e9nomique.<\/p>\n\n\n\n<p>En outre, le Dr Mouad Mrabet a not\u00e9 que la r\u00e9ticence \u00e0 prendre le vaccin et la d\u00e9sinformation constituent deux obstacles suppl\u00e9mentaires face \u00e0 la mise en \u0153uvre d&#8217;interventions d\u00e9cisives dans le domaine de la sant\u00e9 publique.<\/p>\n\n\n\n<p>Le minist\u00e8re de tutelle exhorte, une nouvelle fois, en particulier les personnes \u00e2g\u00e9es, immunofragiles et celles atteintes de maladies chroniques, \u00e0 compl\u00e9ter leur sch\u00e9ma de vaccination pour renforcer leur immunit\u00e9 contre le \u00abCovid-19\u00bb.<\/p>\n\n\n\n<p><strong>L. F.<\/strong><\/p>\n","protected":false},"excerpt":{"rendered":"<p>Lors d\u2019une rencontre hier \u00e0 Rabat avec la presse nationale, consacr\u00e9e \u00e0 la pr\u00e9sentation du bilan \u00e9pid\u00e9miologique pour le mois de janvier 2023, le Dr Mouad Mrabet (photo), Coordonnateur du centre national des op\u00e9rations d\u2019urgence de sant\u00e9 publique au minist\u00e8re de la Sant\u00e9 et de la Protection sociale, a indiqu\u00e9 que la situation \u00e9pid\u00e9miologique actuelle &hellip;<\/p>\n","protected":false},"author":9,"featured_media":20675,"comment_status":"open","ping_status":"closed","sticky":false,"template":"","format":"standard","meta":{"footnotes":""},"categories":[377],"tags":[],"class_list":["post-20673","post","type-post","status-publish","format-standard","has-post-thumbnail","hentry","category-covid-19-2"],"_links":{"self":[{"href":"https:\/\/letempsmag.ma\/index.php?rest_route=\/wp\/v2\/posts\/20673","targetHints":{"allow":["GET"]}}],"collection":[{"href":"https:\/\/letempsmag.ma\/index.php?rest_route=\/wp\/v2\/posts"}],"about":[{"href":"https:\/\/letempsmag.ma\/index.php?rest_route=\/wp\/v2\/types\/post"}],"author":[{"embeddable":true,"href":"https:\/\/letempsmag.ma\/index.php?rest_route=\/wp\/v2\/users\/9"}],"replies":[{"embeddable":true,"href":"https:\/\/letempsmag.ma\/index.php?rest_route=%2Fwp%2Fv2%2Fcomments&post=20673"}],"version-history":[{"count":1,"href":"https:\/\/letempsmag.ma\/index.php?rest_route=\/wp\/v2\/posts\/20673\/revisions"}],"predecessor-version":[{"id":20676,"href":"https:\/\/letempsmag.ma\/index.php?rest_route=\/wp\/v2\/posts\/20673\/revisions\/20676"}],"wp:featuredmedia":[{"embeddable":true,"href":"https:\/\/letempsmag.ma\/index.php?rest_route=\/wp\/v2\/media\/20675"}],"wp:attachment":[{"href":"https:\/\/letempsmag.ma\/index.php?rest_route=%2Fwp%2Fv2%2Fmedia&parent=20673"}],"wp:term":[{"taxonomy":"category","embeddable":true,"href":"https:\/\/letempsmag.ma\/index.php?rest_route=%2Fwp%2Fv2%2Fcategories&post=20673"},{"taxonomy":"post_tag","embeddable":true,"href":"https:\/\/letempsmag.ma\/index.php?rest_route=%2Fwp%2Fv2%2Ftags&post=20673"}],"curies":[{"name":"wp","href":"https:\/\/api.w.org\/{rel}","templated":true}]}}