{"id":20405,"date":"2023-01-24T11:08:40","date_gmt":"2023-01-24T10:08:40","guid":{"rendered":"https:\/\/letempsmag.ma\/?p=20405"},"modified":"2023-01-24T11:08:41","modified_gmt":"2023-01-24T10:08:41","slug":"nespresso-sallie-a-licone-de-la-mode-italienne-chiara-ferragni-pour-une-collection-inedite","status":"publish","type":"post","link":"https:\/\/letempsmag.ma\/?p=20405","title":{"rendered":"<strong>Nespresso s\u2019allie \u00e0 l\u2019ic\u00f4ne de la mode italienne, Chiara Ferragni, pour une collection in\u00e9dite<\/strong>"},"content":{"rendered":"\n<p>Nespresso vient d\u2019\u00e9largir sa gamme \u00abIspirazione Italiana\u00bb avec une collection en \u00e9dition limit\u00e9e co-con\u00e7ue par une ic\u00f4ne de la mode italienne et inspir\u00e9e par la vibrante culture du caf\u00e9 du pays. Nespresso d\u00e9marre, en effet, l&#8217;ann\u00e9e 2023 en beaut\u00e9 avec l\u2019\u00e9g\u00e9rie de la mode italienne Chiara Ferragni, qui s\u2019est lanc\u00e9e dans un voyage de d\u00e9couverte \u00e0 travers son amour du caf\u00e9 dans une s\u00e9rie de courts-m\u00e9trages en quatre parties.<\/p>\n\n\n\n<p>Inspir\u00e9e par les d\u00e9licieuses saveurs et les traditions du caf\u00e9 r\u00e9gional italien, Chiara a ainsi co-cr\u00e9\u00e9 une gamme en \u00e9dition limit\u00e9e avec Nespresso, \u00e9largissant la gamme \u00abIspirazione Italiana\u00bb par le lancement du caf\u00e9 \u00abMilano Intenso\u00bb en \u00e9dition limit\u00e9e; un set de deux tasses \u00abEspresso\u00bb et d\u2019une machine \u00e0 caf\u00e9 \u00abCitiz\u00bb en \u00e9dition limit\u00e9e, rendant hommage \u00e0 l\u2019ambiance urbaine et au tempo contemporain de Milan, la ville d\u2019adoption de Chiara.<\/p>\n\n\n\n<p>Aux c\u00f4t\u00e9s de Filippo Cosmelli, historien de renom, Chiara commenc\u00e9 son aventure dans l\u2019histoire fascinante de la culture du caf\u00e9 de Rome, de la modernit\u00e9 et de la cr\u00e9ativit\u00e9 de la ville \u00e9ternelle. Ensemble, le duo visite des lieux embl\u00e9matiques, dont l\u2019ancien Caf\u00e9 grec o\u00f9 ils d\u00e9gustent un \u00abExpresso\u00bb et d\u00e9couvrent les traditions de torr\u00e9faction italiennes. Le voyage de Chiara se poursuit \u00e0 travers la ville de Milan, la v\u00e9ritable inspiration derri\u00e8re le design, le go\u00fbt et les notes du caf\u00e9 intense de Milan, provenant de lieux historiques tels que la Villa Necchi, le Palazzo Montedoria et la cath\u00e9drale du Duomo. Les fl\u00e8ches dor\u00e9es du Duomo et le vert profond g\u00e9om\u00e9trique sur mesure de la Villa Necchi avec des accents dor\u00e9s, apparaissent dans toute la collection en \u00e9dition limit\u00e9e, unissant les amateurs de caf\u00e9 du monde entier avec une \u00e9l\u00e9gance intemporelle et des vibrations classiques.<\/p>\n\n\n\n<p>\u00c0 propos de sa collaboration avec Nespresso, Chiara Ferragni a d\u00e9clar\u00e9&nbsp;: \u00abMon amour pour le caf\u00e9 et l\u2019Italie ne conna\u00eet pas de limites. Alors, j\u2019ai saut\u00e9 sur l\u2019occasion pour collaborer \u00e0 nouveau avec ma ch\u00e8re famille Nespresso et co-d\u00e9velopper cette collection en \u00e9dition limit\u00e9e. La nouvelle gamme a \u00e9t\u00e9 inspir\u00e9e par la cr\u00e9ativit\u00e9 et la riche culture de Rome et de Milan. Je suis ravie de donner vie \u00e0 un tel caf\u00e9 au go\u00fbt d\u00e9licieux avec de beaux accessoires et une machine pour les amateurs de caf\u00e9 afin d\u2019en profiter o\u00f9 qu\u2019ils soient\u00bb.<\/p>\n\n\n\n<p>La gamme en \u00e9dition limit\u00e9e \u00abIspirazione Italiana\u00bb d\u00e9velopp\u00e9e en collaboration avec Chiara Ferragni est disponible en boutique et en ligne sur l\u2019application Nespresso. Il suffit de suivre \u00ab@Nespresso\u00bb et \u00ab@Nespresso.ma\u00bb pour se tenir au courant des toutes derni\u00e8res actualit\u00e9s de Nespresso.<\/p>\n","protected":false},"excerpt":{"rendered":"<p>Nespresso vient d\u2019\u00e9largir sa gamme \u00abIspirazione Italiana\u00bb avec une collection en \u00e9dition limit\u00e9e co-con\u00e7ue par une ic\u00f4ne de la mode italienne et inspir\u00e9e par la vibrante culture du caf\u00e9 du pays. Nespresso d\u00e9marre, en effet, l&#8217;ann\u00e9e 2023 en beaut\u00e9 avec l\u2019\u00e9g\u00e9rie de la mode italienne Chiara Ferragni, qui s\u2019est lanc\u00e9e dans un voyage de d\u00e9couverte &hellip;<\/p>\n","protected":false},"author":9,"featured_media":20406,"comment_status":"open","ping_status":"closed","sticky":false,"template":"","format":"standard","meta":{"footnotes":""},"categories":[294],"tags":[],"class_list":["post-20405","post","type-post","status-publish","format-standard","has-post-thumbnail","hentry","category-cafe"],"_links":{"self":[{"href":"https:\/\/letempsmag.ma\/index.php?rest_route=\/wp\/v2\/posts\/20405","targetHints":{"allow":["GET"]}}],"collection":[{"href":"https:\/\/letempsmag.ma\/index.php?rest_route=\/wp\/v2\/posts"}],"about":[{"href":"https:\/\/letempsmag.ma\/index.php?rest_route=\/wp\/v2\/types\/post"}],"author":[{"embeddable":true,"href":"https:\/\/letempsmag.ma\/index.php?rest_route=\/wp\/v2\/users\/9"}],"replies":[{"embeddable":true,"href":"https:\/\/letempsmag.ma\/index.php?rest_route=%2Fwp%2Fv2%2Fcomments&post=20405"}],"version-history":[{"count":1,"href":"https:\/\/letempsmag.ma\/index.php?rest_route=\/wp\/v2\/posts\/20405\/revisions"}],"predecessor-version":[{"id":20407,"href":"https:\/\/letempsmag.ma\/index.php?rest_route=\/wp\/v2\/posts\/20405\/revisions\/20407"}],"wp:featuredmedia":[{"embeddable":true,"href":"https:\/\/letempsmag.ma\/index.php?rest_route=\/wp\/v2\/media\/20406"}],"wp:attachment":[{"href":"https:\/\/letempsmag.ma\/index.php?rest_route=%2Fwp%2Fv2%2Fmedia&parent=20405"}],"wp:term":[{"taxonomy":"category","embeddable":true,"href":"https:\/\/letempsmag.ma\/index.php?rest_route=%2Fwp%2Fv2%2Fcategories&post=20405"},{"taxonomy":"post_tag","embeddable":true,"href":"https:\/\/letempsmag.ma\/index.php?rest_route=%2Fwp%2Fv2%2Ftags&post=20405"}],"curies":[{"name":"wp","href":"https:\/\/api.w.org\/{rel}","templated":true}]}}