{"id":20161,"date":"2023-01-09T13:53:28","date_gmt":"2023-01-09T12:53:28","guid":{"rendered":"https:\/\/letempsmag.ma\/?p=20161"},"modified":"2023-01-09T13:53:29","modified_gmt":"2023-01-09T12:53:29","slug":"pluies-tres-parcimonieuses-sur-le-maroc","status":"publish","type":"post","link":"https:\/\/letempsmag.ma\/?p=20161","title":{"rendered":"<strong>Pluies tr\u00e8s parcimonieuses sur le Maroc\u2026<\/strong>"},"content":{"rendered":"\n<p>Quelques pr\u00e9cipitations de pluies, tr\u00e8s faibles, ont \u00e9t\u00e9 enregistr\u00e9es sur certaines r\u00e9gions au Maroc. Les hauteurs, relev\u00e9es en millim\u00e8tres par la Direction G\u00e9n\u00e9rale de la M\u00e9t\u00e9orologie, ont \u00e9t\u00e9 enregistr\u00e9es entre 6h le dimanche et 6h ce lundi\u00a0: 12 mm \u00e0 Larache, 5 mm \u00e0 Chefchaouen, 5 mm \u00e0 T\u00e9touan, 4 mm \u00e0 K\u00e9nitra, Sal\u00e9 et El Jadida, et 2 mm. Moins d\u2019un millim\u00e8tre a \u00e9t\u00e9 enregistr\u00e9 \u00e0 Casablanca, Nouaceur, Sidi Slimane, Ben Slimane, Tit Mellil.<\/p>\n","protected":false},"excerpt":{"rendered":"<p>Quelques pr\u00e9cipitations de pluies, tr\u00e8s faibles, ont \u00e9t\u00e9 enregistr\u00e9es sur certaines r\u00e9gions au Maroc. Les hauteurs, relev\u00e9es en millim\u00e8tres par la Direction G\u00e9n\u00e9rale de la M\u00e9t\u00e9orologie, ont \u00e9t\u00e9 enregistr\u00e9es entre 6h le dimanche et 6h ce lundi\u00a0: 12 mm \u00e0 Larache, 5 mm \u00e0 Chefchaouen, 5 mm \u00e0 T\u00e9touan, 4 mm \u00e0 K\u00e9nitra, Sal\u00e9 et &hellip;<\/p>\n","protected":false},"author":9,"featured_media":20162,"comment_status":"open","ping_status":"closed","sticky":false,"template":"","format":"standard","meta":{"footnotes":""},"categories":[234],"tags":[],"class_list":["post-20161","post","type-post","status-publish","format-standard","has-post-thumbnail","hentry","category-meteo-2"],"_links":{"self":[{"href":"https:\/\/letempsmag.ma\/index.php?rest_route=\/wp\/v2\/posts\/20161","targetHints":{"allow":["GET"]}}],"collection":[{"href":"https:\/\/letempsmag.ma\/index.php?rest_route=\/wp\/v2\/posts"}],"about":[{"href":"https:\/\/letempsmag.ma\/index.php?rest_route=\/wp\/v2\/types\/post"}],"author":[{"embeddable":true,"href":"https:\/\/letempsmag.ma\/index.php?rest_route=\/wp\/v2\/users\/9"}],"replies":[{"embeddable":true,"href":"https:\/\/letempsmag.ma\/index.php?rest_route=%2Fwp%2Fv2%2Fcomments&post=20161"}],"version-history":[{"count":1,"href":"https:\/\/letempsmag.ma\/index.php?rest_route=\/wp\/v2\/posts\/20161\/revisions"}],"predecessor-version":[{"id":20163,"href":"https:\/\/letempsmag.ma\/index.php?rest_route=\/wp\/v2\/posts\/20161\/revisions\/20163"}],"wp:featuredmedia":[{"embeddable":true,"href":"https:\/\/letempsmag.ma\/index.php?rest_route=\/wp\/v2\/media\/20162"}],"wp:attachment":[{"href":"https:\/\/letempsmag.ma\/index.php?rest_route=%2Fwp%2Fv2%2Fmedia&parent=20161"}],"wp:term":[{"taxonomy":"category","embeddable":true,"href":"https:\/\/letempsmag.ma\/index.php?rest_route=%2Fwp%2Fv2%2Fcategories&post=20161"},{"taxonomy":"post_tag","embeddable":true,"href":"https:\/\/letempsmag.ma\/index.php?rest_route=%2Fwp%2Fv2%2Ftags&post=20161"}],"curies":[{"name":"wp","href":"https:\/\/api.w.org\/{rel}","templated":true}]}}