{"id":20149,"date":"2023-01-09T13:50:02","date_gmt":"2023-01-09T12:50:02","guid":{"rendered":"https:\/\/letempsmag.ma\/?p=20149"},"modified":"2023-01-09T13:50:03","modified_gmt":"2023-01-09T12:50:03","slug":"le-secteur-du-btp-tire-la-sonnette-dalarme","status":"publish","type":"post","link":"https:\/\/letempsmag.ma\/?p=20149","title":{"rendered":"<strong>Le secteur du BTP tire la sonnette d\u2019alarme\u00a0!<\/strong>"},"content":{"rendered":"\n<p>La F\u00e9d\u00e9ration Nationale du B\u00e2timent et des Travaux Publics (FNBTP)&nbsp; a organis\u00e9, jeudi dernier \u00e0 Rabat, une rencontre avec la presse nationale durant laquelle le pr\u00e9sident de la F\u00e9d\u00e9ration, Mohamed Mahboub s\u2019est exprim\u00e9 sur la r\u00e9percussion r\u00e9elle de la flamb\u00e9e des intrants, des mat\u00e9riaux et les d\u00e9lais d\u2019approvisionnement sur les entreprises du BTP. Il a appel\u00e9 \u00e0 entreprendre des mesures urgentes afin de garantir la p\u00e9rennit\u00e9 du secteur et faire face \u00e0 la situation de crise li\u00e9e \u00e0 la pand\u00e9mie. Par ailleurs, il a plaid\u00e9 aussi pour la mise en place de mesures urgentes afin d\u2019accompagner le secteur industriel et entrepreneurial marocain du BTP, passant en revue les difficult\u00e9s de mise en \u0153uvre de la Circulaire du chef du gouvernement \u00ab09\/2022\u00bb.<\/p>\n\n\n\n<p>Tout en saluant la r\u00e9action du gouvernement \u00e0 travers sa Circulaire aux ma\u00eetres d\u2019ouvrages publics, visant \u00e0 prendre en compte cette r\u00e9alit\u00e9, la FNBTP rel\u00e8ve des mesures qui n\u2019ont pas \u00e9t\u00e9 appliqu\u00e9es, ce qui engendre une situation pr\u00e9occupante mettant en p\u00e9ril l\u2019\u00e9quilibre financier des march\u00e9s et porte un grand pr\u00e9judice \u00e0 la tr\u00e9sorerie des entreprises d\u00e9j\u00e0 tr\u00e8s affaiblie par une conjoncture \u00e9conomique \u00e9prouvante.&nbsp;<\/p>\n\n\n\n<p>Mohamed Mahboub a d\u00e9clar\u00e9 notamment&nbsp;: \u00abNos entreprises souffrent grandement et continuent de souffrir de la pand\u00e9mie du \u00abCovid\u00bb. Plusieurs d\u2019entre elles ont soit mis la cl\u00e9 sous la porte, soit endurent les affres des redressements judiciaires sans parler des mesures coercitives telles que l\u2019exclusion des march\u00e9s publics, la perte des qualifications et des classes qu\u2019elles m\u00e9ritent\u00bb.<\/p>\n\n\n\n<p>Comme la situation du secteur BTP (qui emploie 1,2 millions de collaborateurs) est toujours critique, la F\u00e9d\u00e9ration a adress\u00e9 deux courriers au Chef de gouvernement, en juillet et en octobre 2022, lui demandant de proc\u00e9der \u00e0 la reconduction de la Circulaire qui a pris fin en octobre dernier, et ce, pour une dur\u00e9e suppl\u00e9mentaire de 6 mois.<\/p>\n\n\n\n<p>Le Pr\u00e9sident de la FNBTP a par ailleurs soulign\u00e9 les principales requ\u00eates de la F\u00e9d\u00e9ration, \u00e0 savoir l\u2019actualisation des formules de r\u00e9vision des prix et l\u2019octroi d\u2019une aide sur le gasoil au m\u00eame titre que le secteur du transport.<\/p>\n\n\n\n<p><strong>L. F.<\/strong><\/p>\n","protected":false},"excerpt":{"rendered":"<p>La F\u00e9d\u00e9ration Nationale du B\u00e2timent et des Travaux Publics (FNBTP)&nbsp; a organis\u00e9, jeudi dernier \u00e0 Rabat, une rencontre avec la presse nationale durant laquelle le pr\u00e9sident de la F\u00e9d\u00e9ration, Mohamed Mahboub s\u2019est exprim\u00e9 sur la r\u00e9percussion r\u00e9elle de la flamb\u00e9e des intrants, des mat\u00e9riaux et les d\u00e9lais d\u2019approvisionnement sur les entreprises du BTP. Il a &hellip;<\/p>\n","protected":false},"author":9,"featured_media":20150,"comment_status":"open","ping_status":"closed","sticky":false,"template":"","format":"standard","meta":{"footnotes":""},"categories":[32],"tags":[],"class_list":["post-20149","post","type-post","status-publish","format-standard","has-post-thumbnail","hentry","category-marches"],"_links":{"self":[{"href":"https:\/\/letempsmag.ma\/index.php?rest_route=\/wp\/v2\/posts\/20149","targetHints":{"allow":["GET"]}}],"collection":[{"href":"https:\/\/letempsmag.ma\/index.php?rest_route=\/wp\/v2\/posts"}],"about":[{"href":"https:\/\/letempsmag.ma\/index.php?rest_route=\/wp\/v2\/types\/post"}],"author":[{"embeddable":true,"href":"https:\/\/letempsmag.ma\/index.php?rest_route=\/wp\/v2\/users\/9"}],"replies":[{"embeddable":true,"href":"https:\/\/letempsmag.ma\/index.php?rest_route=%2Fwp%2Fv2%2Fcomments&post=20149"}],"version-history":[{"count":1,"href":"https:\/\/letempsmag.ma\/index.php?rest_route=\/wp\/v2\/posts\/20149\/revisions"}],"predecessor-version":[{"id":20151,"href":"https:\/\/letempsmag.ma\/index.php?rest_route=\/wp\/v2\/posts\/20149\/revisions\/20151"}],"wp:featuredmedia":[{"embeddable":true,"href":"https:\/\/letempsmag.ma\/index.php?rest_route=\/wp\/v2\/media\/20150"}],"wp:attachment":[{"href":"https:\/\/letempsmag.ma\/index.php?rest_route=%2Fwp%2Fv2%2Fmedia&parent=20149"}],"wp:term":[{"taxonomy":"category","embeddable":true,"href":"https:\/\/letempsmag.ma\/index.php?rest_route=%2Fwp%2Fv2%2Fcategories&post=20149"},{"taxonomy":"post_tag","embeddable":true,"href":"https:\/\/letempsmag.ma\/index.php?rest_route=%2Fwp%2Fv2%2Ftags&post=20149"}],"curies":[{"name":"wp","href":"https:\/\/api.w.org\/{rel}","templated":true}]}}