{"id":20133,"date":"2023-01-09T13:45:26","date_gmt":"2023-01-09T12:45:26","guid":{"rendered":"https:\/\/letempsmag.ma\/?p=20133"},"modified":"2023-01-09T13:45:26","modified_gmt":"2023-01-09T12:45:26","slug":"luniversite-citoyenne-voit-africain-en-2023","status":"publish","type":"post","link":"https:\/\/letempsmag.ma\/?p=20133","title":{"rendered":"<strong>L\u2019Universit\u00e9 Citoyenne voit africain en 2023<\/strong>"},"content":{"rendered":"\n<p>Depuis son lancement en 1997 par le groupe HEM, l\u2019Universit\u00e9 Citoyenne a organis\u00e9 plus de 800 s\u00e9minaires et a \u00e9t\u00e9 suivie par pr\u00e8s de 84.000 participants. Plus de 8.800 certificats d\u2019auditeurs ont \u00e9t\u00e9 d\u00e9livr\u00e9s aux participants ayant assist\u00e9 \u00e0 au moins 80% des s\u00e9minaires (soit un minimum de 7 sur les 9 propos\u00e9s \u00e0 chaque cycle de l\u2019Universit\u00e9 Citoyenne). L\u2019ann\u00e9e 2023 est marqu\u00e9e par un programme encore plus riche et instructif, anim\u00e9 par des intervenants de grande renomm\u00e9e et experts dans leur domaine. Elle se d\u00e9roulera sur trois mois, du 21 janvier au 11 mars.<\/p>\n\n\n\n<p>Cette 26<sup>\u00e8me<\/sup> \u00e9dition de l\u2019Universit\u00e9 Citoyenne est \u00e9galement ouverte \u00e0 l\u2019\u00e9chelle africaine. Les s\u00e9minaires sont, en effet, accessibles aux citoyens des pays africains francophones tels que le S\u00e9n\u00e9gal, le Congo, la C\u00f4te d\u2019Ivoire, le Gabon, le Cameroun, le Burkina Faso, la Tunisie et bien d\u2019autres pays encore. La diffusion en ligne (sur \u00abTeams Live Events\u00bb) de l\u2019ensemble des s\u00e9minaires de l\u2019Universit\u00e9 Citoyenne offre \u00e0 un large public des cours d\u2019initiation et de sensibilisation de haut niveau. Ainsi, 9 s\u00e9minaires seront anim\u00e9s par d\u2019\u00e9minents enseignants-chercheurs, des experts internationaux et des leaders d\u2019opinion, et ce, autour de trois grands axes&nbsp;: Institutions, Vie Politique et Droits Humains; \u00c9conomie et gestion de l\u2019entreprise; et&nbsp; Pens\u00e9e et soci\u00e9t\u00e9.<\/p>\n\n\n\n<p>Dans un contexte post-\u00abCovid\u00bb marqu\u00e9 par la guerre en Ukraine, le monde fait d\u00e9sormais face \u00e0 de nouveaux enjeux g\u00e9opolitiques, \u00e9conomiques, \u00e9cologiques et s\u00e9curitaires. Eu \u00e9gard \u00e0 ce d\u00e9sordre, les sujets qui seront trait\u00e9s dans le cadre de cette 26<sup>\u00e8me<\/sup> \u00e9dition de l\u2019Universit\u00e9 Citoyenne ont \u00e9t\u00e9 profond\u00e9ment inspir\u00e9s de cette actualit\u00e9 mondiale sur les plans politique, \u00e9conomique, soci\u00e9tal et culturel.<\/p>\n","protected":false},"excerpt":{"rendered":"<p>Depuis son lancement en 1997 par le groupe HEM, l\u2019Universit\u00e9 Citoyenne a organis\u00e9 plus de 800 s\u00e9minaires et a \u00e9t\u00e9 suivie par pr\u00e8s de 84.000 participants. Plus de 8.800 certificats d\u2019auditeurs ont \u00e9t\u00e9 d\u00e9livr\u00e9s aux participants ayant assist\u00e9 \u00e0 au moins 80% des s\u00e9minaires (soit un minimum de 7 sur les 9 propos\u00e9s \u00e0 chaque &hellip;<\/p>\n","protected":false},"author":9,"featured_media":20134,"comment_status":"open","ping_status":"closed","sticky":false,"template":"","format":"standard","meta":{"footnotes":""},"categories":[300],"tags":[],"class_list":["post-20133","post","type-post","status-publish","format-standard","has-post-thumbnail","hentry","category-societe-2"],"_links":{"self":[{"href":"https:\/\/letempsmag.ma\/index.php?rest_route=\/wp\/v2\/posts\/20133","targetHints":{"allow":["GET"]}}],"collection":[{"href":"https:\/\/letempsmag.ma\/index.php?rest_route=\/wp\/v2\/posts"}],"about":[{"href":"https:\/\/letempsmag.ma\/index.php?rest_route=\/wp\/v2\/types\/post"}],"author":[{"embeddable":true,"href":"https:\/\/letempsmag.ma\/index.php?rest_route=\/wp\/v2\/users\/9"}],"replies":[{"embeddable":true,"href":"https:\/\/letempsmag.ma\/index.php?rest_route=%2Fwp%2Fv2%2Fcomments&post=20133"}],"version-history":[{"count":1,"href":"https:\/\/letempsmag.ma\/index.php?rest_route=\/wp\/v2\/posts\/20133\/revisions"}],"predecessor-version":[{"id":20135,"href":"https:\/\/letempsmag.ma\/index.php?rest_route=\/wp\/v2\/posts\/20133\/revisions\/20135"}],"wp:featuredmedia":[{"embeddable":true,"href":"https:\/\/letempsmag.ma\/index.php?rest_route=\/wp\/v2\/media\/20134"}],"wp:attachment":[{"href":"https:\/\/letempsmag.ma\/index.php?rest_route=%2Fwp%2Fv2%2Fmedia&parent=20133"}],"wp:term":[{"taxonomy":"category","embeddable":true,"href":"https:\/\/letempsmag.ma\/index.php?rest_route=%2Fwp%2Fv2%2Fcategories&post=20133"},{"taxonomy":"post_tag","embeddable":true,"href":"https:\/\/letempsmag.ma\/index.php?rest_route=%2Fwp%2Fv2%2Ftags&post=20133"}],"curies":[{"name":"wp","href":"https:\/\/api.w.org\/{rel}","templated":true}]}}