{"id":20131,"date":"2023-01-06T11:39:15","date_gmt":"2023-01-06T10:39:15","guid":{"rendered":"https:\/\/letempsmag.ma\/?p=20131"},"modified":"2023-01-06T11:39:16","modified_gmt":"2023-01-06T10:39:16","slug":"chiffres-dici-et-dailleurs","status":"publish","type":"post","link":"https:\/\/letempsmag.ma\/?p=20131","title":{"rendered":"<strong>Chiffres d\u2019ici et d\u2019ailleurs<\/strong>"},"content":{"rendered":"\n<p class=\"has-text-align-center\"><strong>Par HASSAN EL ARCH<\/strong><\/p>\n\n\n\n<p class=\"has-text-align-center\"><strong>Directeur de la R\u00e9daction<\/strong><\/p>\n\n\n\n<p class=\"has-text-align-center\"><strong>direction@letempsmag.ma<\/strong><\/p>\n\n\n\n<p>C\u2019est un \u00abtrip\u00bb classique. \u00c0 chaque changement d\u2019ann\u00e9e, on triture dans sa t\u00eate ce qui a bien march\u00e9 et ce qui a moins bien tourn\u00e9 durant l\u2019exercice \u00e9coul\u00e9. On dresse des bilans. On fait des projections. Rien de plus anodin. Ce faisant, des images, des \u00e9v\u00e9nements marquent l\u2019esprit. Selon les centres d\u2019int\u00e9r\u00eat, la m\u00e9moire en capte ce qui alimentera, sur les court et moyen termes, les d\u00e9bats de soci\u00e9t\u00e9. Mais il ne s\u2019agit pas, ici, de dresser des bilans. Pas plus que de faire des projections. On aura le temps de s\u2019y atteler tant\u00f4t. Le propos, ici, est juste de souhaiter une bonne nouvelle ann\u00e9e \u00e0 nos lecteurs, partenaires, amis et proches. Prier pour que leur quotidien en 2023 soit meilleur que celui de 2022&nbsp;!<\/p>\n\n\n\n<p>Sur la fin de 2022 et l\u2019aube de 2023, quelques faits, d\u00fbment chiffr\u00e9s, ont fait \u00abtilt\u00bb dans mon esprit et je les partage aussi bien avec ceux qui y auront pr\u00eat\u00e9 attention que ceux qui y sont rest\u00e9s indiff\u00e9rents.<\/p>\n\n\n\n<p>D\u2019abord au Maroc, avec le chiffre 6. Depuis pr\u00e8s de trois ans, jamais le bilan quotidien des cas de nouvelles infections au \u00abCovid-19 n\u2019a \u00e9t\u00e9 aussi bas qu\u2019au 1<sup>er<\/sup> janvier courant. Parole du minist\u00e8re de la Sant\u00e9&nbsp;! Les indicateurs se sont mis \u00e0 remonter, certes. Mais descendre en-dessous d\u2019une dizaine de cas, sur un jour, apr\u00e8s avoir fait exploser le compteur quotidien au-dessus des 11.000 cas en 2021, il y a de quoi esp\u00e9rer une accalmie. On voit peut-\u00eatre le bout du tunnel. On l\u2019esp\u00e8re, du moins.<\/p>\n\n\n\n<p>Toujours au Maroc, avec le chiffre 70. C\u2019est l\u2019indicateur officiel, r\u00e9v\u00e9l\u00e9 il y a quelques jours par le Ministre de l&#8217;Inclusion \u00e9conomique, concernant le taux des non-dipl\u00f4m\u00e9s ayant r\u00e9ussi \u00e0 d\u00e9crocher un appui dans le cadre du programme \u00abAwrach\u00bb. 7 dossiers sur 10 agr\u00e9\u00e9s l\u2019ont \u00e9t\u00e9, en effet, sur des crit\u00e8res de s\u00e9rieux, de profondeur d\u2019engagement et de volont\u00e9 de r\u00e9ussite. Le dipl\u00f4me n\u2019est plus un facteur discriminatoire dans l\u2019acte d\u2019entreprendre&nbsp;!<\/p>\n\n\n\n<p>Encore au Maroc, avec le chiffre 820.274. C\u2019est le nombre d\u2019affaires r\u00e9solues par les services de la DGSN en mati\u00e8re de lutte contre la criminalit\u00e9 violente, durant l&#8217;ann\u00e9e \u00e9coul\u00e9e. Nous consacrons d\u2019ailleurs tout un dossier (pages 20 \u00e0 37) \u00e0 la question, dans cette livraison. Bravo aux troupes de Si Abdellatif Hammouchi.<\/p>\n\n\n\n<p>Ailleurs cette fois, avec le chiffre 400. C\u2019est, en millions d\u2019euros, ce qu\u2019empoche Cristiano Ronaldo apr\u00e8s avoir sign\u00e9 avec le club saoudien de football Al-Nassr. Il faudrait inventer un nouvel adjectif, bien plus fort que \u00abgalactique\u00bb, pour mesurer l\u2019ampleur financi\u00e8re de ce contrat. C\u2019est l\u2019\u00e9quivalent de 4,4 milliards de DH pour deux ans et demi, pas un jour de plus, sous le soleil saoudien. Avec son inamovible sourire Ultra Brite, CR7 a dit tout le plaisir qu\u2019il ressentait \u00e0 porter d\u00e9sormais les couleurs d\u2019un club\u2026 d\u2019Afrique du Sud. Si, si&nbsp;! Vous avez bien lu&nbsp;! Un lapsus&nbsp;? Rien que \u00e7a&nbsp;? Moi, l\u2019image que je garderai longuement de ce monstre pr\u00e9tendument \u00absacr\u00e9\u00bb, c\u2019est son effondrement en pleurs, devant les cam\u00e9ras de la plan\u00e8te enti\u00e8re, \u00e0 quatre pattes sur la pelouse du stade Al-Thumama \u00e0 Doha. La rencontre en quart de finale du Mondial venait de renvoyer le onze portugais \u00e0 la maison. Les Lions de l\u2019Atlas \u00e9taient pass\u00e9s par l\u00e0\u2026 Elle est l\u00e0, l\u2019image forte&nbsp;!<\/p>\n\n\n\n<p>Ailleurs encore, avec le chiffre 200. Il repr\u00e9sente les pertes engrang\u00e9es par l\u2019archi-milliardaire am\u00e9ricain d\u2019origine sud-africaine. D\u00e9sormais, la fortune d\u2019Elon Musk, patron de Tesla, de SpaceX et de Twitter, se chiffre \u00e0 \u00abseulement\u00bb 137 milliards de dollars apr\u00e8s avoir atteint les 340 milliards de dollars en 2021. Quelle mis\u00e8re de n\u2019\u00eatre plus que le deuxi\u00e8me homme le plus riche&nbsp; de l\u2019humanit\u00e9\u2026<\/p>\n","protected":false},"excerpt":{"rendered":"<p>Par HASSAN EL ARCH Directeur de la R\u00e9daction direction@letempsmag.ma C\u2019est un \u00abtrip\u00bb classique. \u00c0 chaque changement d\u2019ann\u00e9e, on triture dans sa t\u00eate ce qui a bien march\u00e9 et ce qui a moins bien tourn\u00e9 durant l\u2019exercice \u00e9coul\u00e9. On dresse des bilans. On fait des projections. Rien de plus anodin. Ce faisant, des images, des \u00e9v\u00e9nements &hellip;<\/p>\n","protected":false},"author":9,"featured_media":1323,"comment_status":"open","ping_status":"closed","sticky":false,"template":"","format":"standard","meta":{"footnotes":""},"categories":[44],"tags":[],"class_list":["post-20131","post","type-post","status-publish","format-standard","has-post-thumbnail","hentry","category-edito"],"_links":{"self":[{"href":"https:\/\/letempsmag.ma\/index.php?rest_route=\/wp\/v2\/posts\/20131","targetHints":{"allow":["GET"]}}],"collection":[{"href":"https:\/\/letempsmag.ma\/index.php?rest_route=\/wp\/v2\/posts"}],"about":[{"href":"https:\/\/letempsmag.ma\/index.php?rest_route=\/wp\/v2\/types\/post"}],"author":[{"embeddable":true,"href":"https:\/\/letempsmag.ma\/index.php?rest_route=\/wp\/v2\/users\/9"}],"replies":[{"embeddable":true,"href":"https:\/\/letempsmag.ma\/index.php?rest_route=%2Fwp%2Fv2%2Fcomments&post=20131"}],"version-history":[{"count":1,"href":"https:\/\/letempsmag.ma\/index.php?rest_route=\/wp\/v2\/posts\/20131\/revisions"}],"predecessor-version":[{"id":20132,"href":"https:\/\/letempsmag.ma\/index.php?rest_route=\/wp\/v2\/posts\/20131\/revisions\/20132"}],"wp:featuredmedia":[{"embeddable":true,"href":"https:\/\/letempsmag.ma\/index.php?rest_route=\/wp\/v2\/media\/1323"}],"wp:attachment":[{"href":"https:\/\/letempsmag.ma\/index.php?rest_route=%2Fwp%2Fv2%2Fmedia&parent=20131"}],"wp:term":[{"taxonomy":"category","embeddable":true,"href":"https:\/\/letempsmag.ma\/index.php?rest_route=%2Fwp%2Fv2%2Fcategories&post=20131"},{"taxonomy":"post_tag","embeddable":true,"href":"https:\/\/letempsmag.ma\/index.php?rest_route=%2Fwp%2Fv2%2Ftags&post=20131"}],"curies":[{"name":"wp","href":"https:\/\/api.w.org\/{rel}","templated":true}]}}