{"id":2002,"date":"2021-04-10T10:42:21","date_gmt":"2021-04-10T10:42:21","guid":{"rendered":"https:\/\/letempsmag.ma\/?p=2002"},"modified":"2021-04-10T11:16:12","modified_gmt":"2021-04-10T11:16:12","slug":"auto-nejma-devoile-la-gamme-verte-plug-in-hybrid-de-mercedes-au-maroc","status":"publish","type":"post","link":"https:\/\/letempsmag.ma\/?p=2002","title":{"rendered":"Auto Nejma d\u00e9voile la gamme verte \u00abPlug-in Hybrid\u00bb de Mercedes au Maroc"},"content":{"rendered":"\n<p>Auto Nejma, distributeur exclusif de Mercedes au Maroc, a pr\u00e9sent\u00e9 hier, 9 avril les, 5 nouveaux mod\u00e8les hybrides rechargeables \u00abPlug-in Hybrid\u00bb de la marque allemande, lors d\u2019une rencontre avec la presse nationale au Bahia Golf Beach Bouznika. La pr\u00e9sentation a \u00e9t\u00e9 anim\u00e9e par Adil Bennani, Directeur G\u00e9n\u00e9ral d\u2019Auto Nejma.<\/p>\n\n\n\n<p>Les v\u00e9hicules \u00abPlug-in Hybrid\u00bb sont devenus une r\u00e9alit\u00e9 quotidienne. La technologie et la capacit\u00e9 accrue des batteries leur permettent de r\u00e9duire les \u00e9missions \u00e0 z\u00e9ro durant la conduite sur des distances allant jusqu&#8217;\u00e0 50 km, avec la possibilit\u00e9 de passer en mode hybride pour pr\u00e9server la dur\u00e9e de vie de la batterie et d&#8217;utiliser l&#8217;essence ou le diesel uniquement pour les longs trajets.<\/p>\n\n\n\n<p>Pr\u00e9cisons que cette gamme verte est exon\u00e9r\u00e9e de la taxe proportionnelle et de la vignette. Elle comprend, dans un premier temps, les mod\u00e8les \u00abClasse E\u00bb, \u00abGLC\u00bb, \u00abGLC Coup\u00e9\u00bb, \u00abGLE\u00bb et \u00abGLE Coup\u00e9\u00bb en hybridation diesel ou essence.<\/p>\n\n\n\n<p>Soulignons aussi que Mercedes propose des mod\u00e8les hybrides rechargeables de 3<sup>\u00e8me<\/sup> g\u00e9n\u00e9ration et innove dans le syst\u00e8me de la recharge qui se d\u00e9cline en une multitude d&#8217;options de charge, qui sont fiables et faciles \u00e0 mettre en \u0153uvre soit\u00a0 sur une prise de secteur domestique, soit sur une \u00abMercedes-Benz Home Wallbox\u00bb ou alors sur la route gr\u00e2ce aux bornes de recharge publiques. Chaque mod\u00e8le hybride rechargeable est dot\u00e9 de deux nouveaux modes de conduite \u00abElectric\u00bb et \u00abBattery Level\u00bb.<\/p>\n\n\n\n<p>Avec cette gamme \u00abPlug-in Hybrid\u00bb, Auto Nejma confirme une nouvelle fois son respect de l\u2019environnement, dont elle fait une mission de tous les jours.<\/p>\n\n\n\n<p><strong>L. F.<\/strong><\/p>\n","protected":false},"excerpt":{"rendered":"<p>Auto Nejma, distributeur exclusif de Mercedes au Maroc, a pr\u00e9sent\u00e9 hier, 9 avril les, 5 nouveaux mod\u00e8les hybrides rechargeables \u00abPlug-in Hybrid\u00bb de la marque allemande, lors d\u2019une rencontre avec la presse nationale au Bahia Golf Beach Bouznika. La pr\u00e9sentation a \u00e9t\u00e9 anim\u00e9e par Adil Bennani, Directeur G\u00e9n\u00e9ral d\u2019Auto Nejma. Les v\u00e9hicules \u00abPlug-in Hybrid\u00bb sont devenus &hellip;<\/p>\n","protected":false},"author":9,"featured_media":2018,"comment_status":"open","ping_status":"closed","sticky":false,"template":"","format":"standard","meta":{"footnotes":""},"categories":[121],"tags":[],"class_list":["post-2002","post","type-post","status-publish","format-standard","has-post-thumbnail","hentry","category-automobile"],"_links":{"self":[{"href":"https:\/\/letempsmag.ma\/index.php?rest_route=\/wp\/v2\/posts\/2002","targetHints":{"allow":["GET"]}}],"collection":[{"href":"https:\/\/letempsmag.ma\/index.php?rest_route=\/wp\/v2\/posts"}],"about":[{"href":"https:\/\/letempsmag.ma\/index.php?rest_route=\/wp\/v2\/types\/post"}],"author":[{"embeddable":true,"href":"https:\/\/letempsmag.ma\/index.php?rest_route=\/wp\/v2\/users\/9"}],"replies":[{"embeddable":true,"href":"https:\/\/letempsmag.ma\/index.php?rest_route=%2Fwp%2Fv2%2Fcomments&post=2002"}],"version-history":[{"count":2,"href":"https:\/\/letempsmag.ma\/index.php?rest_route=\/wp\/v2\/posts\/2002\/revisions"}],"predecessor-version":[{"id":2021,"href":"https:\/\/letempsmag.ma\/index.php?rest_route=\/wp\/v2\/posts\/2002\/revisions\/2021"}],"wp:featuredmedia":[{"embeddable":true,"href":"https:\/\/letempsmag.ma\/index.php?rest_route=\/wp\/v2\/media\/2018"}],"wp:attachment":[{"href":"https:\/\/letempsmag.ma\/index.php?rest_route=%2Fwp%2Fv2%2Fmedia&parent=2002"}],"wp:term":[{"taxonomy":"category","embeddable":true,"href":"https:\/\/letempsmag.ma\/index.php?rest_route=%2Fwp%2Fv2%2Fcategories&post=2002"},{"taxonomy":"post_tag","embeddable":true,"href":"https:\/\/letempsmag.ma\/index.php?rest_route=%2Fwp%2Fv2%2Ftags&post=2002"}],"curies":[{"name":"wp","href":"https:\/\/api.w.org\/{rel}","templated":true}]}}