{"id":19985,"date":"2022-12-30T14:55:49","date_gmt":"2022-12-30T13:55:49","guid":{"rendered":"https:\/\/letempsmag.ma\/?p=19985"},"modified":"2022-12-30T14:55:51","modified_gmt":"2022-12-30T13:55:51","slug":"pele-legende-absolue-de-la-balle-ronde-a-tire-sa-reverence","status":"publish","type":"post","link":"https:\/\/letempsmag.ma\/?p=19985","title":{"rendered":"<strong>Pel\u00e9, l\u00e9gende absolue de la balle ronde, a tir\u00e9 sa r\u00e9v\u00e9rence<\/strong>"},"content":{"rendered":"\n<p>La grande l\u00e9gende mondiale du football, le Br\u00e9silien Edson Arantes Do Nascimento, alias Pel\u00e9, triple champion du monde avec l\u2019\u00e9quipe nationale de son pays, est d\u00e9c\u00e9d\u00e9 hier jeudi \u00e0 l\u2019\u00e2ge de 82 ans, \u00e0 Sao Paulo, o\u00f9 il \u00e9tait hospitalis\u00e9 pendant un mois pour traiter un cancer du c\u00f4lon. Le d\u00e9c\u00e8s de Pel\u00e9, \u00e9lu footballeur du si\u00e8cle dernier par la FIFA, a \u00e9t\u00e9 confirm\u00e9 par sa famille. \u00abNous t\u2019aimons \u00e0 l\u2019infini, repose en paix\u00bb, a \u00e9crit sur son compte Instagram l\u2019une de ses filles, Kely Nascimento, qui \u00e9tait \u00e0 son chevet \u00e0 l\u2019h\u00f4pital Albert-Einstein de Sao Paulo.<\/p>\n\n\n\n<p>L\u2019athl\u00e8te, ic\u00f4ne absolue du football mondial avec l\u2019Argentin Diego Maradona, d\u00e9c\u00e9d\u00e9 lui aussi (en novembre 2020), \u00e9tait hospitalis\u00e9 depuis le 29 novembre dernier. L\u2019hospitalisation a eu lieu en raison d\u2019une infection respiratoire apr\u00e8s avoir contract\u00e9 le \u00abCovid-19\u00bb et pour la r\u00e9\u00e9valuation du traitement du cancer du c\u00f4lon. Dans sa derni\u00e8re publication sur Instagram, le 18 d\u00e9cembre, Pel\u00e9 avait f\u00e9licit\u00e9 le Maroc pour sa performance \u00abincroyable\u00bb en Coupe du monde, estimant que les Lions de l\u2019Atlas ont \u00abfait briller\u00bb toute l\u2019Afrique au Qatar. Il a \u00e9galement f\u00e9licit\u00e9 l\u2019Argentine pour le titre mondial remport\u00e9 contre la France. Il faut rappeler que Pel\u00e9 est connu pour sa grande admiration pour l\u2019attaquant marocain Larbi Ben Mbarek (1917-1992), dit la Perle Noire.<\/p>\n\n\n\n<p>Pel\u00e9 a re\u00e7u plusieurs hommages lors de la Coupe du monde 2022, disput\u00e9e alors qu\u2019il \u00e9tait hospitalis\u00e9 \u00e0 Sao Paulo. Des joueurs comme Neymar, Richarlison et Mbapp\u00e9 ont souhait\u00e9 un prompt r\u00e9tablissement au g\u00e9nie du football, dont la carri\u00e8re a marqu\u00e9 des aspects de la vie des Br\u00e9siliens bien au-del\u00e0 du ballon rond, comme par exemple la question de la discrimination raciale. Le joueur a fait ses d\u00e9buts en \u00e9quipe nationale en 1957, lors d\u2019un match de la Copa Rocca contre l\u2019Argentine. Il avait alors marqu\u00e9 son premier but avec le maillot jaune et vert. Avec l\u2019\u00e9quipe du Br\u00e9sil, \u00e0 seulement 17 ans, il a remport\u00e9 la Coupe du monde en Su\u00e8de en 1958. Quatre ans plus tard, il se blessera au deuxi\u00e8me tour de la Coupe du monde au Chili, \u00e9galement remport\u00e9 par le Br\u00e9sil. Lors de la Coupe du monde 1966, en Angleterre, il a men\u00e9 la mythique \u00e9quipe br\u00e9silienne au deuxi\u00e8me titre et puis un troisi\u00e8me au Mexique, en 1970. Une Coupe du monde \u00e0 laquelle les Lions de l\u2019Atlas avaient particip\u00e9. Avec son club de Santos, Pel\u00e9 poss\u00e9dait un palmar\u00e8s impressionnant. Il a en effet remport\u00e9 10 fois le Campeonato Paulista, un tournoi r\u00e9gional dans lequel il a \u00e9t\u00e9 le meilleur buteur pendant neuf saisons cons\u00e9cutives. Il fut aussi deux fois champion des Libertadores et des Clubs, en 1962 et 1963. C\u2019est aussi avec le maillot de Santos qu\u2019il marqua son 1.000\u00e8me but, contre Vasco, au mythique stade de Maracana, le 19 novembre 1969. Selon les chiffres de Santos, Pel\u00e9 a marqu\u00e9 1.091 buts pour le club en 1.116 matchs.<\/p>\n\n\n\n<p>Sous le maillot de la s\u00e9lection br\u00e9silienne, Pel\u00e9 a disput\u00e9 113 matchs et a marqu\u00e9 95 buts, selon les chiffres de la F\u00e9d\u00e9ration br\u00e9silienne. Tout au long de sa carri\u00e8re, Pel\u00e9 a marqu\u00e9 1 282 buts en 1.364 matchs dans le d\u00e9compte de Santos. Sur les r\u00e9seaux sociaux, Pel\u00e9 a affirm\u00e9 en avoir fait un de plus&nbsp;: 1.283 buts&nbsp;!<\/p>\n\n\n\n<p><strong>C. A.<\/strong><\/p>\n","protected":false},"excerpt":{"rendered":"<p>La grande l\u00e9gende mondiale du football, le Br\u00e9silien Edson Arantes Do Nascimento, alias Pel\u00e9, triple champion du monde avec l\u2019\u00e9quipe nationale de son pays, est d\u00e9c\u00e9d\u00e9 hier jeudi \u00e0 l\u2019\u00e2ge de 82 ans, \u00e0 Sao Paulo, o\u00f9 il \u00e9tait hospitalis\u00e9 pendant un mois pour traiter un cancer du c\u00f4lon. Le d\u00e9c\u00e8s de Pel\u00e9, \u00e9lu footballeur &hellip;<\/p>\n","protected":false},"author":9,"featured_media":19986,"comment_status":"open","ping_status":"closed","sticky":false,"template":"","format":"standard","meta":{"footnotes":""},"categories":[50],"tags":[],"class_list":["post-19985","post","type-post","status-publish","format-standard","has-post-thumbnail","hentry","category-football"],"_links":{"self":[{"href":"https:\/\/letempsmag.ma\/index.php?rest_route=\/wp\/v2\/posts\/19985","targetHints":{"allow":["GET"]}}],"collection":[{"href":"https:\/\/letempsmag.ma\/index.php?rest_route=\/wp\/v2\/posts"}],"about":[{"href":"https:\/\/letempsmag.ma\/index.php?rest_route=\/wp\/v2\/types\/post"}],"author":[{"embeddable":true,"href":"https:\/\/letempsmag.ma\/index.php?rest_route=\/wp\/v2\/users\/9"}],"replies":[{"embeddable":true,"href":"https:\/\/letempsmag.ma\/index.php?rest_route=%2Fwp%2Fv2%2Fcomments&post=19985"}],"version-history":[{"count":1,"href":"https:\/\/letempsmag.ma\/index.php?rest_route=\/wp\/v2\/posts\/19985\/revisions"}],"predecessor-version":[{"id":19987,"href":"https:\/\/letempsmag.ma\/index.php?rest_route=\/wp\/v2\/posts\/19985\/revisions\/19987"}],"wp:featuredmedia":[{"embeddable":true,"href":"https:\/\/letempsmag.ma\/index.php?rest_route=\/wp\/v2\/media\/19986"}],"wp:attachment":[{"href":"https:\/\/letempsmag.ma\/index.php?rest_route=%2Fwp%2Fv2%2Fmedia&parent=19985"}],"wp:term":[{"taxonomy":"category","embeddable":true,"href":"https:\/\/letempsmag.ma\/index.php?rest_route=%2Fwp%2Fv2%2Fcategories&post=19985"},{"taxonomy":"post_tag","embeddable":true,"href":"https:\/\/letempsmag.ma\/index.php?rest_route=%2Fwp%2Fv2%2Ftags&post=19985"}],"curies":[{"name":"wp","href":"https:\/\/api.w.org\/{rel}","templated":true}]}}