{"id":19774,"date":"2022-12-21T13:47:32","date_gmt":"2022-12-21T12:47:32","guid":{"rendered":"https:\/\/letempsmag.ma\/?p=19774"},"modified":"2022-12-21T13:47:33","modified_gmt":"2022-12-21T12:47:33","slug":"fouzi-lekjaa-insiste-sur-les-valeurs-familiales-qui-caracterisent-lesprit-des-footballeurs-marocains","status":"publish","type":"post","link":"https:\/\/letempsmag.ma\/?p=19774","title":{"rendered":"<strong>Fouzi Lekja\u00e2 insiste sur les valeurs familiales qui caract\u00e9risent l\u2019esprit des footballeurs marocains<\/strong>"},"content":{"rendered":"\n<p>L&#8217;Audience accord\u00e9e, hier mardi \u00e0 la Salle du Tr\u00f4ne au Palais Royal \u00e0 Rabat, par S.M. le Roi Mohammed VI aux membres de la s\u00e9lection nationale de football, suite \u00e0 son parcours exceptionnel \u00e0 la Coupe du Monde 2022 au Qatar, illustre la haute sollicitude dont le Souverain entoure les jeunes et les sportifs, a affirm\u00e9 Fouzi Lekja\u00e2, Pr\u00e9sident de la F\u00e9d\u00e9ration Royale Marocaine de football (FRMF).<\/p>\n\n\n\n<p>Le Souverain n&#8217;a eu de cesse de soutenir le sport et les sportifs et appuyer les jeunes, en vue de r\u00e9aliser les meilleurs exploits, a soulign\u00e9 Fouzi Lekja\u00e2 dans une d\u00e9claration \u00e0 la presse, \u00e0 l&#8217;issue de l&#8217;audience Royale. Le Pr\u00e9sident de la FRMF a \u00e9galement mis en avant la pr\u00e9sence \u00e0 l&#8217;audience Royale des m\u00e8res des joueurs, qui r\u00e9sident pour la plupart \u00e0 l&#8217;\u00e9tranger, notant que les Marocains ont, une nouvelle fois, incarn\u00e9 la coh\u00e9sion entre le Tr\u00f4ne et le Peuple.<\/p>\n\n\n\n<p>Avec cet exploit, le Maroc a prouv\u00e9 son leadership sur les plans maghr\u00e9bin, africain et arabe, a-t-il d\u00e9clar\u00e9, notant que les victoires ont mis en avant la civilisation marocaine ancestrale, qui a toujours uni les religions et les civilisations. \u00abDes valeurs parfaitement illustr\u00e9es par les supporters marocains \u00e0 travers le monde. Ce sont l\u00e0 les traditions du grand peuple sous la conduite \u00e9clair\u00e9e d&#8217;un grand Roi\u00bb, a d\u00e9clar\u00e9 Fouzi Lekja\u00e2.<\/p>\n","protected":false},"excerpt":{"rendered":"<p>L&#8217;Audience accord\u00e9e, hier mardi \u00e0 la Salle du Tr\u00f4ne au Palais Royal \u00e0 Rabat, par S.M. le Roi Mohammed VI aux membres de la s\u00e9lection nationale de football, suite \u00e0 son parcours exceptionnel \u00e0 la Coupe du Monde 2022 au Qatar, illustre la haute sollicitude dont le Souverain entoure les jeunes et les sportifs, a &hellip;<\/p>\n","protected":false},"author":9,"featured_media":19775,"comment_status":"open","ping_status":"closed","sticky":false,"template":"","format":"standard","meta":{"footnotes":""},"categories":[915],"tags":[],"class_list":["post-19774","post","type-post","status-publish","format-standard","has-post-thumbnail","hentry","category-lions-de-latlas"],"_links":{"self":[{"href":"https:\/\/letempsmag.ma\/index.php?rest_route=\/wp\/v2\/posts\/19774","targetHints":{"allow":["GET"]}}],"collection":[{"href":"https:\/\/letempsmag.ma\/index.php?rest_route=\/wp\/v2\/posts"}],"about":[{"href":"https:\/\/letempsmag.ma\/index.php?rest_route=\/wp\/v2\/types\/post"}],"author":[{"embeddable":true,"href":"https:\/\/letempsmag.ma\/index.php?rest_route=\/wp\/v2\/users\/9"}],"replies":[{"embeddable":true,"href":"https:\/\/letempsmag.ma\/index.php?rest_route=%2Fwp%2Fv2%2Fcomments&post=19774"}],"version-history":[{"count":1,"href":"https:\/\/letempsmag.ma\/index.php?rest_route=\/wp\/v2\/posts\/19774\/revisions"}],"predecessor-version":[{"id":19776,"href":"https:\/\/letempsmag.ma\/index.php?rest_route=\/wp\/v2\/posts\/19774\/revisions\/19776"}],"wp:featuredmedia":[{"embeddable":true,"href":"https:\/\/letempsmag.ma\/index.php?rest_route=\/wp\/v2\/media\/19775"}],"wp:attachment":[{"href":"https:\/\/letempsmag.ma\/index.php?rest_route=%2Fwp%2Fv2%2Fmedia&parent=19774"}],"wp:term":[{"taxonomy":"category","embeddable":true,"href":"https:\/\/letempsmag.ma\/index.php?rest_route=%2Fwp%2Fv2%2Fcategories&post=19774"},{"taxonomy":"post_tag","embeddable":true,"href":"https:\/\/letempsmag.ma\/index.php?rest_route=%2Fwp%2Fv2%2Ftags&post=19774"}],"curies":[{"name":"wp","href":"https:\/\/api.w.org\/{rel}","templated":true}]}}