{"id":19677,"date":"2022-12-15T14:59:33","date_gmt":"2022-12-15T13:59:33","guid":{"rendered":"https:\/\/letempsmag.ma\/?p=19677"},"modified":"2022-12-15T14:59:33","modified_gmt":"2022-12-15T13:59:33","slug":"s-m-le-roi-mohammed-vi-felicite-le-president-francais-pour-la-qualification-de-son-pays","status":"publish","type":"post","link":"https:\/\/letempsmag.ma\/?p=19677","title":{"rendered":"<strong>S.M. le Roi Mohammed VI f\u00e9licite le Pr\u00e9sident fran\u00e7ais pour la qualification de son pays<\/strong>"},"content":{"rendered":"\n<p>\u00c0 l\u2019issue du match de la demi-finale de la Coupe du monde, qui a oppos\u00e9 hier dans la soir\u00e9e les \u00e9quipes du Maroc et de la France et, S.M. le Roi Mohammed VI a eu un entretien t\u00e9l\u00e9phonique avec le Pr\u00e9sident fran\u00e7ais, Emmanuel Macron. \u00c0 cette occasion, le Souverain a exprim\u00e9 au Pr\u00e9sident fran\u00e7ais ses f\u00e9licitations pour la qualification de l\u2019\u00e9quipe de France \u00e0 la finale qui aura lieu dimanche prochain.<\/p>\n","protected":false},"excerpt":{"rendered":"<p>\u00c0 l\u2019issue du match de la demi-finale de la Coupe du monde, qui a oppos\u00e9 hier dans la soir\u00e9e les \u00e9quipes du Maroc et de la France et, S.M. le Roi Mohammed VI a eu un entretien t\u00e9l\u00e9phonique avec le Pr\u00e9sident fran\u00e7ais, Emmanuel Macron. \u00c0 cette occasion, le Souverain a exprim\u00e9 au Pr\u00e9sident fran\u00e7ais ses &hellip;<\/p>\n","protected":false},"author":9,"featured_media":19678,"comment_status":"open","ping_status":"closed","sticky":false,"template":"","format":"standard","meta":{"footnotes":""},"categories":[837],"tags":[],"class_list":["post-19677","post","type-post","status-publish","format-standard","has-post-thumbnail","hentry","category-mondial-qatar"],"_links":{"self":[{"href":"https:\/\/letempsmag.ma\/index.php?rest_route=\/wp\/v2\/posts\/19677","targetHints":{"allow":["GET"]}}],"collection":[{"href":"https:\/\/letempsmag.ma\/index.php?rest_route=\/wp\/v2\/posts"}],"about":[{"href":"https:\/\/letempsmag.ma\/index.php?rest_route=\/wp\/v2\/types\/post"}],"author":[{"embeddable":true,"href":"https:\/\/letempsmag.ma\/index.php?rest_route=\/wp\/v2\/users\/9"}],"replies":[{"embeddable":true,"href":"https:\/\/letempsmag.ma\/index.php?rest_route=%2Fwp%2Fv2%2Fcomments&post=19677"}],"version-history":[{"count":1,"href":"https:\/\/letempsmag.ma\/index.php?rest_route=\/wp\/v2\/posts\/19677\/revisions"}],"predecessor-version":[{"id":19679,"href":"https:\/\/letempsmag.ma\/index.php?rest_route=\/wp\/v2\/posts\/19677\/revisions\/19679"}],"wp:featuredmedia":[{"embeddable":true,"href":"https:\/\/letempsmag.ma\/index.php?rest_route=\/wp\/v2\/media\/19678"}],"wp:attachment":[{"href":"https:\/\/letempsmag.ma\/index.php?rest_route=%2Fwp%2Fv2%2Fmedia&parent=19677"}],"wp:term":[{"taxonomy":"category","embeddable":true,"href":"https:\/\/letempsmag.ma\/index.php?rest_route=%2Fwp%2Fv2%2Fcategories&post=19677"},{"taxonomy":"post_tag","embeddable":true,"href":"https:\/\/letempsmag.ma\/index.php?rest_route=%2Fwp%2Fv2%2Ftags&post=19677"}],"curies":[{"name":"wp","href":"https:\/\/api.w.org\/{rel}","templated":true}]}}