{"id":19659,"date":"2022-12-14T09:14:31","date_gmt":"2022-12-14T08:14:31","guid":{"rendered":"https:\/\/letempsmag.ma\/?p=19659"},"modified":"2022-12-14T09:14:32","modified_gmt":"2022-12-14T08:14:32","slug":"139-nouveaux-cas-au-maroc-en-24-heures-et-1-270-318-cas-cumules","status":"publish","type":"post","link":"https:\/\/letempsmag.ma\/?p=19659","title":{"rendered":"<strong>139 nouveaux cas au Maroc en 24 heures et 1.270.318 cas cumul\u00e9s<\/strong>"},"content":{"rendered":"\n<p>Un total de 139 nouveaux cas d&#8217;infection au Covid-19 et 86 gu\u00e9risons a \u00e9t\u00e9 enregistr\u00e9 au Maroc dans les derni\u00e8res 24 heures, a indiqu\u00e9 mardi le minist\u00e8re de la Sant\u00e9 et de la protection sociale, qui fait \u00e9tat d&#8217;un nouveau d\u00e9c\u00e8s.<\/p>\n\n\n\n<p>Dans son bulletin quotidien sur la situation \u00e9pid\u00e9miologique, le minist\u00e8re a en outre pr\u00e9cis\u00e9 que le nombre de primo-vaccin\u00e9s a atteint 24.916.631, celui des personnes ayant re\u00e7u deux doses s&#8217;\u00e9l\u00e8ve \u00e0 23.417.092, alors que 6.863.025 personnes ont eu trois injections du vaccin et 57.148 ont re\u00e7u la quatri\u00e8me dose.<\/p>\n\n\n\n<p>Le nouveau bilan d&#8217;infections porte \u00e0 1.270.318 le nombre total des contaminations depuis le premier cas signal\u00e9 au Maroc le 2 mars 2020, tandis que le nombre des personnes r\u00e9tablies est pass\u00e9 \u00e0 1.253.151, soit un taux de gu\u00e9rison de 98,6%.<\/p>\n\n\n\n<p>Les nouveaux cas d&#8217;infection ont \u00e9t\u00e9 recens\u00e9s dans les r\u00e9gions de Rabat-Sal\u00e9-K\u00e9nitra (61), Casablanca-Settat (41), F\u00e8s-Mekn\u00e8s (15), Marrakech-Safi (9), Sous-Massa (4), La\u00e2youne-Sakia El Hamra (3), Dakhla-Oued Eddahab (2), Guelmim-Oued Noun (2), Tanger-T\u00e9touan-Al Hoceima (1) et B\u00e9ni Mellal-K\u00e9nifra (1).<\/p>\n\n\n\n<p>Le nombre total des d\u00e9c\u00e8s est pass\u00e9 \u00e0 16.289 (l\u00e9talit\u00e9 1,3%), avec un nouveau cas enregistr\u00e9 lors des derni\u00e8res 24 heures.<\/p>\n\n\n\n<p>Les cas actifs sont au nombre de 878, avec 7 cas s\u00e9v\u00e8res ou critiques lors des derni\u00e8res 24 heures, pour un total de 11 cas.<\/p>\n","protected":false},"excerpt":{"rendered":"<p>Un total de 139 nouveaux cas d&#8217;infection au Covid-19 et 86 gu\u00e9risons a \u00e9t\u00e9 enregistr\u00e9 au Maroc dans les derni\u00e8res 24 heures, a indiqu\u00e9 mardi le minist\u00e8re de la Sant\u00e9 et de la protection sociale, qui fait \u00e9tat d&#8217;un nouveau d\u00e9c\u00e8s. Dans son bulletin quotidien sur la situation \u00e9pid\u00e9miologique, le minist\u00e8re a en outre pr\u00e9cis\u00e9 &hellip;<\/p>\n","protected":false},"author":9,"featured_media":19660,"comment_status":"open","ping_status":"closed","sticky":false,"template":"","format":"standard","meta":{"footnotes":""},"categories":[168],"tags":[],"class_list":["post-19659","post","type-post","status-publish","format-standard","has-post-thumbnail","hentry","category-pandemie-2"],"_links":{"self":[{"href":"https:\/\/letempsmag.ma\/index.php?rest_route=\/wp\/v2\/posts\/19659","targetHints":{"allow":["GET"]}}],"collection":[{"href":"https:\/\/letempsmag.ma\/index.php?rest_route=\/wp\/v2\/posts"}],"about":[{"href":"https:\/\/letempsmag.ma\/index.php?rest_route=\/wp\/v2\/types\/post"}],"author":[{"embeddable":true,"href":"https:\/\/letempsmag.ma\/index.php?rest_route=\/wp\/v2\/users\/9"}],"replies":[{"embeddable":true,"href":"https:\/\/letempsmag.ma\/index.php?rest_route=%2Fwp%2Fv2%2Fcomments&post=19659"}],"version-history":[{"count":1,"href":"https:\/\/letempsmag.ma\/index.php?rest_route=\/wp\/v2\/posts\/19659\/revisions"}],"predecessor-version":[{"id":19661,"href":"https:\/\/letempsmag.ma\/index.php?rest_route=\/wp\/v2\/posts\/19659\/revisions\/19661"}],"wp:featuredmedia":[{"embeddable":true,"href":"https:\/\/letempsmag.ma\/index.php?rest_route=\/wp\/v2\/media\/19660"}],"wp:attachment":[{"href":"https:\/\/letempsmag.ma\/index.php?rest_route=%2Fwp%2Fv2%2Fmedia&parent=19659"}],"wp:term":[{"taxonomy":"category","embeddable":true,"href":"https:\/\/letempsmag.ma\/index.php?rest_route=%2Fwp%2Fv2%2Fcategories&post=19659"},{"taxonomy":"post_tag","embeddable":true,"href":"https:\/\/letempsmag.ma\/index.php?rest_route=%2Fwp%2Fv2%2Ftags&post=19659"}],"curies":[{"name":"wp","href":"https:\/\/api.w.org\/{rel}","templated":true}]}}