{"id":19656,"date":"2022-12-14T09:13:54","date_gmt":"2022-12-14T08:13:54","guid":{"rendered":"https:\/\/letempsmag.ma\/?p=19656"},"modified":"2022-12-14T09:13:56","modified_gmt":"2022-12-14T08:13:56","slug":"royal-air-maroc-annonce-lannulation-de-7-vols-casablanca-doha","status":"publish","type":"post","link":"https:\/\/letempsmag.ma\/?p=19656","title":{"rendered":"<strong>Royal Air Maroc annonce l\u2019annulation de 7 vols Casablanca-Doha<\/strong>"},"content":{"rendered":"\n<p>Royal Air Maroc a diffus\u00e9, \u00e0 l\u2019aube ce mercredi, un communiqu\u00e9 informant l\u2019opinion publique que des annulations de vols ont eu lieu hier entre le Maroc et le Qatar. Le transporteur national indique que suite \u00e0 des restrictions impos\u00e9es par les autorit\u00e9s qataries, \u00abla RAM a le regret d\u2019informer les clients de l\u2019annulation de leurs vols op\u00e9r\u00e9s par Qatar Airways\u00bb.<\/p>\n\n\n\n<p>Sept vols sont concern\u00e9s par ces annulations&nbsp;: AT9703\/QR3003, AT9717\/QR3007, AT9715\/QR3015, AT9747\/QR3067, AT9739\/QR3069, AT9743\/QR3093 et AT9749\/QR3099.<\/p>\n\n\n\n<p>La RAM annonce qu\u2019elle proc\u00e8dera au remboursement, \u00abdans les plus brefs d\u00e9lais\u00bb, des billets d\u2019avion des passagers impact\u00e9s par ces annulations et recommande aux clients concern\u00e9s de ne pas se pr\u00e9senter \u00e0 l\u2019a\u00e9roport.<\/p>\n\n\n\n<p>Pour davantage d\u2019informations, la compagnie invite les passagers \u00e0 contacter son service Client en renseignant le formulaire disponible sur le lien suivant&nbsp;: <a href=\"https:\/\/www.royalairmaroc.com\/ma-fr\/information\/reclamations\">\u00abwww.royalairmaroc.com\/ma-fr\/information\/reclamations<\/a>\u00bb.<\/p>\n\n\n\n<p>Soulignons que le communiqu\u00e9 de Royal Air Maroc ne donne pas de pr\u00e9cisions sur \u00ables restrictions impos\u00e9es par les autorit\u00e9s qataries\u00bb. La RAM, rappelons-le, op\u00e8re en partage de code avec Qatar Airways sur la ligne Casablanca et Doha.<\/p>\n\n\n\n<p><strong>M. E.<\/strong><\/p>\n","protected":false},"excerpt":{"rendered":"<p>Royal Air Maroc a diffus\u00e9, \u00e0 l\u2019aube ce mercredi, un communiqu\u00e9 informant l\u2019opinion publique que des annulations de vols ont eu lieu hier entre le Maroc et le Qatar. Le transporteur national indique que suite \u00e0 des restrictions impos\u00e9es par les autorit\u00e9s qataries, \u00abla RAM a le regret d\u2019informer les clients de l\u2019annulation de leurs &hellip;<\/p>\n","protected":false},"author":9,"featured_media":19657,"comment_status":"open","ping_status":"closed","sticky":false,"template":"","format":"standard","meta":{"footnotes":""},"categories":[53],"tags":[],"class_list":["post-19656","post","type-post","status-publish","format-standard","has-post-thumbnail","hentry","category-aerien"],"_links":{"self":[{"href":"https:\/\/letempsmag.ma\/index.php?rest_route=\/wp\/v2\/posts\/19656","targetHints":{"allow":["GET"]}}],"collection":[{"href":"https:\/\/letempsmag.ma\/index.php?rest_route=\/wp\/v2\/posts"}],"about":[{"href":"https:\/\/letempsmag.ma\/index.php?rest_route=\/wp\/v2\/types\/post"}],"author":[{"embeddable":true,"href":"https:\/\/letempsmag.ma\/index.php?rest_route=\/wp\/v2\/users\/9"}],"replies":[{"embeddable":true,"href":"https:\/\/letempsmag.ma\/index.php?rest_route=%2Fwp%2Fv2%2Fcomments&post=19656"}],"version-history":[{"count":1,"href":"https:\/\/letempsmag.ma\/index.php?rest_route=\/wp\/v2\/posts\/19656\/revisions"}],"predecessor-version":[{"id":19658,"href":"https:\/\/letempsmag.ma\/index.php?rest_route=\/wp\/v2\/posts\/19656\/revisions\/19658"}],"wp:featuredmedia":[{"embeddable":true,"href":"https:\/\/letempsmag.ma\/index.php?rest_route=\/wp\/v2\/media\/19657"}],"wp:attachment":[{"href":"https:\/\/letempsmag.ma\/index.php?rest_route=%2Fwp%2Fv2%2Fmedia&parent=19656"}],"wp:term":[{"taxonomy":"category","embeddable":true,"href":"https:\/\/letempsmag.ma\/index.php?rest_route=%2Fwp%2Fv2%2Fcategories&post=19656"},{"taxonomy":"post_tag","embeddable":true,"href":"https:\/\/letempsmag.ma\/index.php?rest_route=%2Fwp%2Fv2%2Ftags&post=19656"}],"curies":[{"name":"wp","href":"https:\/\/api.w.org\/{rel}","templated":true}]}}