{"id":19653,"date":"2022-12-14T09:13:20","date_gmt":"2022-12-14T08:13:20","guid":{"rendered":"https:\/\/letempsmag.ma\/?p=19653"},"modified":"2022-12-14T09:13:21","modified_gmt":"2022-12-14T08:13:21","slug":"herve-renard-lancien-coach-des-lions-de-latlas-soutient-le-maroc-contre-la-france","status":"publish","type":"post","link":"https:\/\/letempsmag.ma\/?p=19653","title":{"rendered":"<strong>Herv\u00e9 Renard, l\u2019ancien coach des Lions de l\u2019Atlas, soutient le Maroc contre la France<\/strong>"},"content":{"rendered":"\n<p>L\u2019ancien s\u00e9lectionneur des Lions de l\u2019Atlas (2016 \u00e0 2019), le Fran\u00e7ais Herv\u00e9 Renard, a d\u00e9clar\u00e9 hier que lors de la demi-finale contre la France, il soutiendra le Maroc, pays qui l&#8217;a marqu\u00e9. \u00abJe suis Fran\u00e7ais, je suis n\u00e9 en France, j&#8217;ai un passeport fran\u00e7ais. Mais demain, je suis d\u00e9sol\u00e9, je supporterai l&#8217;\u00e9quipe du Maroc parce que ce pays m&#8217;a marqu\u00e9 et que les gens m\u2019ont port\u00e9 de l&#8217;amour \u00e0 un point que vous ne pouvez m\u00eame pas imaginer\u00bb, a-t-il affirm\u00e9 au micro de la station RMC sport.<\/p>\n\n\n\n<p>Actuellement coach de la s\u00e9lection d\u2019Arabie Saoudite depuis son d\u00e9part du Maroc en 2019, Herv\u00e9 Renard souligne&nbsp;: \u00abJ&#8217;ai re\u00e7u tellement de choses que je partage un peu leur joie aujourd&#8217;hui. Je leur souhaite le meilleur du monde pour demain\u00bb. L\u2019ancien coach des Lions de l\u2019Atlas affirme avoir v\u00e9cu au Maroc \u00abune aventure fantastique\u00bb avec un groupe de joueurs dans un pays qui adore le football\u00bb, soulignant qu\u2019aujourd&#8217;hui, \u00abla terre tremble au Maroc, tellement ils sont fiers et ils le m\u00e9ritent et qu\u2019il y a une telle passion&nbsp;!\u00bb.<\/p>\n\n\n\n<p>La performance des Lions de l\u2019Atlas durant cette Coupe du monde 2022, en devenant la premi\u00e8re s\u00e9lection africaine et arabe \u00e0 se qualifier pour le dernier carr\u00e9, constitue aux yeux d\u2019Herv\u00e9 Renard \u00abune grande r\u00e9compense\u00bb pour le continent africain, Selon lui, les Lions de l\u2019Atlas \u00abvont donner un \u00e9lan exceptionnel pour les autres nations africaines, qui doivent certainement croire plus en elles aujourd&#8217;hui\u00bb. Herv\u00e9 Renard affirme que cette Coupe du Monde au Qatar restera comme quelque chose de magnifique pour les peuples marocain et africains.<\/p>\n","protected":false},"excerpt":{"rendered":"<p>L\u2019ancien s\u00e9lectionneur des Lions de l\u2019Atlas (2016 \u00e0 2019), le Fran\u00e7ais Herv\u00e9 Renard, a d\u00e9clar\u00e9 hier que lors de la demi-finale contre la France, il soutiendra le Maroc, pays qui l&#8217;a marqu\u00e9. \u00abJe suis Fran\u00e7ais, je suis n\u00e9 en France, j&#8217;ai un passeport fran\u00e7ais. Mais demain, je suis d\u00e9sol\u00e9, je supporterai l&#8217;\u00e9quipe du Maroc parce &hellip;<\/p>\n","protected":false},"author":9,"featured_media":19654,"comment_status":"open","ping_status":"closed","sticky":false,"template":"","format":"standard","meta":{"footnotes":""},"categories":[837],"tags":[],"class_list":["post-19653","post","type-post","status-publish","format-standard","has-post-thumbnail","hentry","category-mondial-qatar"],"_links":{"self":[{"href":"https:\/\/letempsmag.ma\/index.php?rest_route=\/wp\/v2\/posts\/19653","targetHints":{"allow":["GET"]}}],"collection":[{"href":"https:\/\/letempsmag.ma\/index.php?rest_route=\/wp\/v2\/posts"}],"about":[{"href":"https:\/\/letempsmag.ma\/index.php?rest_route=\/wp\/v2\/types\/post"}],"author":[{"embeddable":true,"href":"https:\/\/letempsmag.ma\/index.php?rest_route=\/wp\/v2\/users\/9"}],"replies":[{"embeddable":true,"href":"https:\/\/letempsmag.ma\/index.php?rest_route=%2Fwp%2Fv2%2Fcomments&post=19653"}],"version-history":[{"count":1,"href":"https:\/\/letempsmag.ma\/index.php?rest_route=\/wp\/v2\/posts\/19653\/revisions"}],"predecessor-version":[{"id":19655,"href":"https:\/\/letempsmag.ma\/index.php?rest_route=\/wp\/v2\/posts\/19653\/revisions\/19655"}],"wp:featuredmedia":[{"embeddable":true,"href":"https:\/\/letempsmag.ma\/index.php?rest_route=\/wp\/v2\/media\/19654"}],"wp:attachment":[{"href":"https:\/\/letempsmag.ma\/index.php?rest_route=%2Fwp%2Fv2%2Fmedia&parent=19653"}],"wp:term":[{"taxonomy":"category","embeddable":true,"href":"https:\/\/letempsmag.ma\/index.php?rest_route=%2Fwp%2Fv2%2Fcategories&post=19653"},{"taxonomy":"post_tag","embeddable":true,"href":"https:\/\/letempsmag.ma\/index.php?rest_route=%2Fwp%2Fv2%2Ftags&post=19653"}],"curies":[{"name":"wp","href":"https:\/\/api.w.org\/{rel}","templated":true}]}}