{"id":19632,"date":"2022-12-13T13:52:54","date_gmt":"2022-12-13T12:52:54","guid":{"rendered":"https:\/\/letempsmag.ma\/?p=19632"},"modified":"2022-12-13T13:52:55","modified_gmt":"2022-12-13T12:52:55","slug":"aziz-akhannouch-salue-le-grand-exploit-des-lions-de-latlas","status":"publish","type":"post","link":"https:\/\/letempsmag.ma\/?p=19632","title":{"rendered":"<strong>Aziz Akhannouch salue le grand exploit des Lions de l&#8217;Atlas<\/strong>"},"content":{"rendered":"\n<p>Le Chef du gouvernement, Aziz Akhannouch, a salu\u00e9 le grand exploit de l\u2019\u00e9quipe nationale de football, soulignant que les Lions de l\u2019Atlas ont donn\u00e9 une le\u00e7on de d\u00e9termination en se qualifiant pour les demi-finales de la Coupe du monde 2022 au Qatar, devenant ainsi la premi\u00e8re \u00e9quipe arabe et africaine \u00e0 atteindre ce stade.<\/p>\n\n\n\n<p>S\u2019exprimant hier lundi au d\u00e9but de la s\u00e9ance mensuelle des questions adress\u00e9es au Chef du gouvernement \u00e0 la Chambre des Repr\u00e9sentants, Aziz Akhannouch a rappel\u00e9 que la belle performance des Lions de l\u2019Atlas a \u00e9t\u00e9 salu\u00e9e par des Chefs d\u2019\u00c9tat qui ont exprim\u00e9 leurs f\u00e9licitations \u00e0 S.M. le Roi Mohammed VI suite \u00e0 cet exploit historique. Il s\u2019est \u00e9galement f\u00e9licit\u00e9 des efforts fournis par les joueurs, l\u2019entra\u00eeneur Walid Regragui, le Pr\u00e9sident de la F\u00e9d\u00e9ration Royale Marocaine de Football, Fouzi Lekja\u00e2, et toutes celles et ceux qui ont contribu\u00e9 \u00e0 la r\u00e9alisation de cet exploit historique.<\/p>\n\n\n\n<p>Faut-il encore le rappeler&nbsp;! Le Maroc s&#8217;est qualifi\u00e9 pour les demi-finales du Mondial en \u00e9liminant le Portugal de Cristiano Ronaldo par 1 but \u00e0 0, samedi dernier au d\u00e9sormais mythique stade \u00abAl-Thumama\u00bb qui a port\u00e9 chance aux Lions de l\u2019Atlas&nbsp;! Un but de la victoire inscrit par Youssef En-Nesyri \u00e0 la 42\u00e8me minute, sur un saut \u00abextra-terrestre\u00bb mesur\u00e9 \u00e0 2,78 m, d\u00e9sormais entr\u00e9 dans les annales de la Coupe du Monde. Demain sera un autre jour\u2026 L&#8217;\u00e9quipe nationale affrontera, en effet, la France dans une demi-finale qui s\u2019annonce explosive&nbsp;! Achraf Hakimi croisera le fer avec un certain Kylian Mbapp\u00e9, star des Bleus et co\u00e9quipier et ami intime de notre Lion de l\u2019Atlas. (Photo&nbsp;: Hespress).<\/p>\n\n\n\n<p><strong>M. E.<\/strong><\/p>\n","protected":false},"excerpt":{"rendered":"<p>Le Chef du gouvernement, Aziz Akhannouch, a salu\u00e9 le grand exploit de l\u2019\u00e9quipe nationale de football, soulignant que les Lions de l\u2019Atlas ont donn\u00e9 une le\u00e7on de d\u00e9termination en se qualifiant pour les demi-finales de la Coupe du monde 2022 au Qatar, devenant ainsi la premi\u00e8re \u00e9quipe arabe et africaine \u00e0 atteindre ce stade. S\u2019exprimant &hellip;<\/p>\n","protected":false},"author":9,"featured_media":19633,"comment_status":"open","ping_status":"closed","sticky":false,"template":"","format":"standard","meta":{"footnotes":""},"categories":[176],"tags":[],"class_list":["post-19632","post","type-post","status-publish","format-standard","has-post-thumbnail","hentry","category-executif"],"_links":{"self":[{"href":"https:\/\/letempsmag.ma\/index.php?rest_route=\/wp\/v2\/posts\/19632","targetHints":{"allow":["GET"]}}],"collection":[{"href":"https:\/\/letempsmag.ma\/index.php?rest_route=\/wp\/v2\/posts"}],"about":[{"href":"https:\/\/letempsmag.ma\/index.php?rest_route=\/wp\/v2\/types\/post"}],"author":[{"embeddable":true,"href":"https:\/\/letempsmag.ma\/index.php?rest_route=\/wp\/v2\/users\/9"}],"replies":[{"embeddable":true,"href":"https:\/\/letempsmag.ma\/index.php?rest_route=%2Fwp%2Fv2%2Fcomments&post=19632"}],"version-history":[{"count":1,"href":"https:\/\/letempsmag.ma\/index.php?rest_route=\/wp\/v2\/posts\/19632\/revisions"}],"predecessor-version":[{"id":19634,"href":"https:\/\/letempsmag.ma\/index.php?rest_route=\/wp\/v2\/posts\/19632\/revisions\/19634"}],"wp:featuredmedia":[{"embeddable":true,"href":"https:\/\/letempsmag.ma\/index.php?rest_route=\/wp\/v2\/media\/19633"}],"wp:attachment":[{"href":"https:\/\/letempsmag.ma\/index.php?rest_route=%2Fwp%2Fv2%2Fmedia&parent=19632"}],"wp:term":[{"taxonomy":"category","embeddable":true,"href":"https:\/\/letempsmag.ma\/index.php?rest_route=%2Fwp%2Fv2%2Fcategories&post=19632"},{"taxonomy":"post_tag","embeddable":true,"href":"https:\/\/letempsmag.ma\/index.php?rest_route=%2Fwp%2Fv2%2Ftags&post=19632"}],"curies":[{"name":"wp","href":"https:\/\/api.w.org\/{rel}","templated":true}]}}