{"id":19451,"date":"2022-12-09T14:28:59","date_gmt":"2022-12-09T13:28:59","guid":{"rendered":"https:\/\/letempsmag.ma\/?p=19451"},"modified":"2022-12-09T14:32:02","modified_gmt":"2022-12-09T13:32:02","slug":"luis-enrique-licencie-apres-lelimination-de-lespagne-face-au-maroc","status":"publish","type":"post","link":"https:\/\/letempsmag.ma\/?p=19451","title":{"rendered":"<strong>Luis Enrique licenci\u00e9 apr\u00e8s l\u2019\u00e9limination de l\u2019Espagne face au Maroc<\/strong>"},"content":{"rendered":"\n<p>La F\u00e9d\u00e9ration Royale Espagnole de Football a annonc\u00e9, hier jeudi, le licenciement de l\u2019entra\u00eeneur national Luis Enrique, suite \u00e0 l\u2019\u00e9limination de La Roja des 8<sup>\u00e8mes<\/sup> de finale de la Coupe du monde face aux Lions de l\u2019Atlas. \u00abLa F\u00e9d\u00e9ration tient \u00e0 remercier Luis Enrique et toute son \u00e9quipe d\u2019entra\u00eeneurs pour leur travail \u00e0 la t\u00eate de l\u2019\u00e9quipe nationale ces derni\u00e8res ann\u00e9es\u00bb, indique un communiqu\u00e9 de l\u2019organisme footballistique espagnol. \u00ab Tant le Pr\u00e9sident, Luis Rubiales, que le Directeur Sportif, Jos\u00e9 Francisco Molina, ont inform\u00e9 l\u2019entra\u00eeneur de la d\u00e9cision prise\u00bb, pr\u00e9cise la m\u00eame source. Luis Enrique est en poste depuis juillet 2018, quand il avait repris l\u2019\u00e9quipe au lendemain d\u2019une autre Coupe du monde d\u00e9cevante pour l\u2019Espagne, \u00e9limin\u00e9e \u00e9galement en 8<sup>\u00e8mes<\/sup> de finale contre la Russie. Il devrait \u00eatre remplac\u00e9 par Luis De La Fuente, qui entra\u00eenait l\u2019\u00e9quipe nationale U21 (les moins de 21 ans), selon des m\u00e9dias sportifs espagnols.<\/p>\n\n\n\n<p><strong>C. A.<\/strong><\/p>\n","protected":false},"excerpt":{"rendered":"<p>La F\u00e9d\u00e9ration Royale Espagnole de Football a annonc\u00e9, hier jeudi, le licenciement de l\u2019entra\u00eeneur national Luis Enrique, suite \u00e0 l\u2019\u00e9limination de La Roja des 8\u00e8mes de finale de la Coupe du monde face aux Lions de l\u2019Atlas. \u00abLa F\u00e9d\u00e9ration tient \u00e0 remercier Luis Enrique et toute son \u00e9quipe d\u2019entra\u00eeneurs pour leur travail \u00e0 la t\u00eate &hellip;<\/p>\n","protected":false},"author":9,"featured_media":19460,"comment_status":"open","ping_status":"closed","sticky":false,"template":"","format":"standard","meta":{"footnotes":""},"categories":[837],"tags":[],"class_list":["post-19451","post","type-post","status-publish","format-standard","has-post-thumbnail","hentry","category-mondial-qatar"],"_links":{"self":[{"href":"https:\/\/letempsmag.ma\/index.php?rest_route=\/wp\/v2\/posts\/19451","targetHints":{"allow":["GET"]}}],"collection":[{"href":"https:\/\/letempsmag.ma\/index.php?rest_route=\/wp\/v2\/posts"}],"about":[{"href":"https:\/\/letempsmag.ma\/index.php?rest_route=\/wp\/v2\/types\/post"}],"author":[{"embeddable":true,"href":"https:\/\/letempsmag.ma\/index.php?rest_route=\/wp\/v2\/users\/9"}],"replies":[{"embeddable":true,"href":"https:\/\/letempsmag.ma\/index.php?rest_route=%2Fwp%2Fv2%2Fcomments&post=19451"}],"version-history":[{"count":1,"href":"https:\/\/letempsmag.ma\/index.php?rest_route=\/wp\/v2\/posts\/19451\/revisions"}],"predecessor-version":[{"id":19453,"href":"https:\/\/letempsmag.ma\/index.php?rest_route=\/wp\/v2\/posts\/19451\/revisions\/19453"}],"wp:featuredmedia":[{"embeddable":true,"href":"https:\/\/letempsmag.ma\/index.php?rest_route=\/wp\/v2\/media\/19460"}],"wp:attachment":[{"href":"https:\/\/letempsmag.ma\/index.php?rest_route=%2Fwp%2Fv2%2Fmedia&parent=19451"}],"wp:term":[{"taxonomy":"category","embeddable":true,"href":"https:\/\/letempsmag.ma\/index.php?rest_route=%2Fwp%2Fv2%2Fcategories&post=19451"},{"taxonomy":"post_tag","embeddable":true,"href":"https:\/\/letempsmag.ma\/index.php?rest_route=%2Fwp%2Fv2%2Ftags&post=19451"}],"curies":[{"name":"wp","href":"https:\/\/api.w.org\/{rel}","templated":true}]}}