{"id":19426,"date":"2022-12-08T11:57:24","date_gmt":"2022-12-08T10:57:24","guid":{"rendered":"https:\/\/letempsmag.ma\/?p=19426"},"modified":"2022-12-08T11:57:24","modified_gmt":"2022-12-08T10:57:24","slug":"le-maroc-participe-au-salon-international-de-lalimentation-dabu-dhabi","status":"publish","type":"post","link":"https:\/\/letempsmag.ma\/?p=19426","title":{"rendered":"<strong>Le Maroc participe au Salon International de l\u2019Alimentation d\u2019Abu Dhabi<\/strong>"},"content":{"rendered":"\n<p>La 1<sup>\u00e8re<\/sup> \u00e9dition du Salon International de l\u2019Alimentation d\u2019Abu Dhabi (ADIFE) a d\u00e9marr\u00e9 mardi dernier et se poursuit jusqu\u2019\u00e0 aujourd\u2019hui avec la participation du Maroc. Organis\u00e9e par le groupe \u00e9mirati ADNEC, en coop\u00e9ration avec l&#8217;Autorit\u00e9 de l&#8217;Agriculture et de la S\u00e9curit\u00e9 Alimentaire d&#8217;Abu Dhabi, cette manifestation repr\u00e9sente une grande opportunit\u00e9 pour promouvoir les exportations marocaines et diversifier les d\u00e9bouch\u00e9s de commercialisation des produits locaux, devenus un secteur strat\u00e9gique pour l\u2019\u00e9conomie nationale.<\/p>\n\n\n\n<p>Le Royaume est repr\u00e9sent\u00e9 \u00e0 cet \u00e9v\u00e9nement international avec un pavillon diversifi\u00e9 qui a \u00e9t\u00e9 \u00e9rig\u00e9 par l&#8217;Agence pour le D\u00e9veloppement Agricole (ADA). Il a \u00e9t\u00e9 con\u00e7u dans le but de refl\u00e9ter la richesse de la culture marocaine, tout en offrant aux visiteurs l\u2019opportunit\u00e9 de vivre des exp\u00e9riences uniques en go\u00fbtant aux diff\u00e9rentes saveurs de la cuisine marocaine et en d\u00e9couvrant l&#8217;hospitalit\u00e9 des Marocains.<\/p>\n\n\n\n<p>Dans un communiqu\u00e9, l\u2019ADA pr\u00e9cise qu\u2019\u00e0 travers cette participation, elle ambitionne de poursuivre et de renforcer davantage l\u2019appui apport\u00e9 aux groupements de coop\u00e9ratives des produits du terroir, dans le sillage de la strat\u00e9gie \u00abG\u00e9n\u00e9ration Green 2020-2030\u00bb.<\/p>\n\n\n\n<p>Pr\u00e9cisons que cette 1<sup>\u00e8re<\/sup> \u00e9dition a r\u00e9uni des professionnels du secteur de l\u2019agroalimentaire et a vu la participation de 25 exposants, producteurs de produits du terroir, issus de toutes les r\u00e9gions du Royaume, repr\u00e9sentant 36 coop\u00e9ratives agricoles (qui regroupent plus de 910 petits agriculteurs, parmi lesquels 316 femmes).<\/p>\n\n\n\n<p>L\u2019ADA a par ailleurs relev\u00e9 que les exposants marocains ont b\u00e9n\u00e9fici\u00e9, en amont de cette rencontre d\u2019envergure, d\u2019un encadrement marketing et technico-commercial renforc\u00e9, avec pas moins de 250 rencontres \u00abB to B\u00bb visant \u00e0 nouer des relations d\u2019affaires. Il est \u00e9galement \u00e0 souligner que le pavillon marocain a \u00e9t\u00e9 visit\u00e9 par le Ministre \u00e9mirati de la Tol\u00e9rance et de la Coexistence, Sheikh Nahayan Bin Mubarak Al Nahayan, et la Ministre du Changement climatique et de l&#8217;Environnement, Maryam Al Muhairi, en pr\u00e9sence du Charg\u00e9 d&#8217;affaires de l&#8217;ambassade du Maroc \u00e0 Abu Dhabi, Abdelilah Oudadas.<\/p>\n\n\n\n<p><strong>L. F.<\/strong><\/p>\n","protected":false},"excerpt":{"rendered":"<p>La 1\u00e8re \u00e9dition du Salon International de l\u2019Alimentation d\u2019Abu Dhabi (ADIFE) a d\u00e9marr\u00e9 mardi dernier et se poursuit jusqu\u2019\u00e0 aujourd\u2019hui avec la participation du Maroc. Organis\u00e9e par le groupe \u00e9mirati ADNEC, en coop\u00e9ration avec l&#8217;Autorit\u00e9 de l&#8217;Agriculture et de la S\u00e9curit\u00e9 Alimentaire d&#8217;Abu Dhabi, cette manifestation repr\u00e9sente une grande opportunit\u00e9 pour promouvoir les exportations marocaines &hellip;<\/p>\n","protected":false},"author":9,"featured_media":19427,"comment_status":"open","ping_status":"closed","sticky":false,"template":"","format":"standard","meta":{"footnotes":""},"categories":[31],"tags":[],"class_list":["post-19426","post","type-post","status-publish","format-standard","has-post-thumbnail","hentry","category-agro-industrie"],"_links":{"self":[{"href":"https:\/\/letempsmag.ma\/index.php?rest_route=\/wp\/v2\/posts\/19426","targetHints":{"allow":["GET"]}}],"collection":[{"href":"https:\/\/letempsmag.ma\/index.php?rest_route=\/wp\/v2\/posts"}],"about":[{"href":"https:\/\/letempsmag.ma\/index.php?rest_route=\/wp\/v2\/types\/post"}],"author":[{"embeddable":true,"href":"https:\/\/letempsmag.ma\/index.php?rest_route=\/wp\/v2\/users\/9"}],"replies":[{"embeddable":true,"href":"https:\/\/letempsmag.ma\/index.php?rest_route=%2Fwp%2Fv2%2Fcomments&post=19426"}],"version-history":[{"count":1,"href":"https:\/\/letempsmag.ma\/index.php?rest_route=\/wp\/v2\/posts\/19426\/revisions"}],"predecessor-version":[{"id":19428,"href":"https:\/\/letempsmag.ma\/index.php?rest_route=\/wp\/v2\/posts\/19426\/revisions\/19428"}],"wp:featuredmedia":[{"embeddable":true,"href":"https:\/\/letempsmag.ma\/index.php?rest_route=\/wp\/v2\/media\/19427"}],"wp:attachment":[{"href":"https:\/\/letempsmag.ma\/index.php?rest_route=%2Fwp%2Fv2%2Fmedia&parent=19426"}],"wp:term":[{"taxonomy":"category","embeddable":true,"href":"https:\/\/letempsmag.ma\/index.php?rest_route=%2Fwp%2Fv2%2Fcategories&post=19426"},{"taxonomy":"post_tag","embeddable":true,"href":"https:\/\/letempsmag.ma\/index.php?rest_route=%2Fwp%2Fv2%2Ftags&post=19426"}],"curies":[{"name":"wp","href":"https:\/\/api.w.org\/{rel}","templated":true}]}}