{"id":19374,"date":"2022-12-06T10:53:02","date_gmt":"2022-12-06T09:53:02","guid":{"rendered":"https:\/\/letempsmag.ma\/?p=19374"},"modified":"2022-12-06T10:53:03","modified_gmt":"2022-12-06T09:53:03","slug":"lacceleration-numerique-au-maroc-vue-par-le-geant-ericsson","status":"publish","type":"post","link":"https:\/\/letempsmag.ma\/?p=19374","title":{"rendered":"<strong>L\u2019acc\u00e9l\u00e9ration num\u00e9rique au Maroc vue par le g\u00e9ant Ericsson<\/strong>"},"content":{"rendered":"\n<p><strong><em>Le Maroc a un \u00e9norme potentiel en mati\u00e8re de d\u00e9veloppement num\u00e9rique. Le pays ne cesse de r\u00e9duire la fracture num\u00e9rique, ce qui lui permet de tracer la voie d&#8217;un avenir encore plus prometteur et plus connect\u00e9. Telle est la conviction de Nora Wahby, \u00e0 travers cette Tribune. Elle est Vice-Pr\u00e9sidente et responsable de l&#8217;Unit\u00e9 Client pour l&#8217;Afrique de l&#8217;Ouest et le Maroc chez Ericsson Moyen-Orient et Afrique.<\/em><\/strong><\/p>\n\n\n\n<p>C&#8217;est une r\u00e9alit\u00e9 irr\u00e9futable&nbsp;: l&#8217;acc\u00e8s \u00e0 l&#8217;internet a r\u00e9volutionn\u00e9 les \u00e9conomies du monde entier. Le haut d\u00e9bit mobile a consid\u00e9rablement transform\u00e9 la fa\u00e7on dont les gens se connectent, socialisent, communiquent et travaillent. Il favorise \u00e9galement la fa\u00e7on dont nous \u00e9changeons des id\u00e9es et des informations, acc\u00e9l\u00e8re le d\u00e9veloppement \u00e9conomique et projette des perspectives positives pour l&#8217;avenir.&nbsp;<\/p>\n\n\n\n<p>L&#8217;\u00e9conomie marocaine bas\u00e9e sur l&#8217;internet a connu une croissance significative au cours de la seule derni\u00e8re d\u00e9cennie. De plus en plus de services essentiels, notamment les soins de sant\u00e9, l&#8217;\u00e9ducation, la banque et le commerce de d\u00e9tail, sont propos\u00e9s en ligne. Le pays a, en effet, connu un d\u00e9veloppement impressionnant des technologies de l&#8217;information et de la communication (TIC), avec un \u00e9norme potentiel de croissance.<\/p>\n\n\n\n<p>Le rapport Ericsson sur la mobilit\u00e9, publi\u00e9 en juin 2022, pr\u00e9voit que les abonnements 5G atteindront pr\u00e8s de 200 millions d&#8217;abonnements dans la r\u00e9gion MENA (Moyen Orient et Afrique du Nord) d&#8217;ici \u00e0 2027. Cela ouvrira effectivement la voie \u00e0 un large \u00e9ventail d&#8217;opportunit\u00e9s, \u00e0 un niveau de vie plus \u00e9lev\u00e9 et \u00e0 une meilleure qualit\u00e9 de vie. L&#8217;adoption du num\u00e9rique est incompl\u00e8te si elle n&#8217;est pas inclusive. C&#8217;est pourquoi il est devenu essentiel de ne laisser personne de c\u00f4t\u00e9 dans la conduite des \u00e9conomies num\u00e9riques.<\/p>\n\n\n\n<p>Chez Ericsson, nous sommes conscients de l&#8217;importance de l&#8217;alphab\u00e9tisation num\u00e9rique et de la formation aux comp\u00e9tences. C&#8217;est pourquoi nous continuons \u00e0 d\u00e9ployer divers projets qui favorisent l&#8217;inclusion num\u00e9rique \u00e9quitable et acc\u00e9l\u00e8rent l&#8217;adoption.<\/p>\n\n\n\n<p>Le programme \u00abConnect to Learn\u00bb d&#8217;Ericsson est un bon exemple de la mani\u00e8re dont nous pouvons promouvoir l&#8217;inclusion num\u00e9rique \u00e9quitable. Ce programme met en \u0153uvre les technologies de l&#8217;information et de la communication (TIC) dans les \u00e9coles, en particulier dans les r\u00e9gions mal desservies, en utilisant l&#8217;internet mobile et les technologies en nuage. \u00c0 ce jour, l&#8217;initiative \u00abConnecter pour apprendre\u00bb a touch\u00e9 plus de 200.000 \u00e9l\u00e8ves dans 25 pays.<\/p>\n\n\n\n<p>Au d\u00e9but de cette ann\u00e9e, nous nous sommes associ\u00e9s \u00e0 des universit\u00e9s marocaines pour renforcer les comp\u00e9tences num\u00e9riques des \u00e9tudiants par le biais du d\u00e9veloppement des comp\u00e9tences en TIC, du mentorat professionnel, de la formation, de l&#8217;apprentissage num\u00e9rique et de l&#8217;innovation. Ce programme vise \u00e0 encourager les jeunes talents marocains, \u00e0 les aider \u00e0 lib\u00e9rer leur potentiel et \u00e0 acc\u00e9l\u00e9rer le d\u00e9veloppement num\u00e9rique du continent.<\/p>\n\n\n\n<p>Donner aux jeunes des comp\u00e9tences num\u00e9riques telles que le codage et la programmation est essentiel pour garantir une \u00e9ducation de qualit\u00e9 inclusive et \u00e9quitable. Gr\u00e2ce \u00e0 notre programme \u00abDigital Lab\u00bb, nous formons les jeunes \u00e0 la programmation et aux nouvelles technologies dans un certain nombre de pays, contribuant ainsi \u00e0 accro\u00eetre la culture et l&#8217;adoption du num\u00e9rique chez les jeunes.<\/p>\n\n\n\n<p>L&#8217;acc\u00e8s au mat\u00e9riel d&#8217;enseignement et d&#8217;apprentissage sur les nouvelles technologies est l&#8217;un des principaux moteurs de l&#8217;adoption du num\u00e9rique. \u00abEricsson Educate\u00bb, un portail en ligne que nous avons introduit pendant la pand\u00e9mie en partenariat avec l&#8217;UNESCO, donne aux enseignants et aux apprenants un acc\u00e8s illimit\u00e9 aux comp\u00e9tences en intelligence artificielle (IA).<\/p>\n\n\n\n<p>Les partenariats public-priv\u00e9 vont, sans aucun doute, propulser l&#8217;adoption du num\u00e9rique. Il y a deux ans, Ericsson a innov\u00e9 en devenant le premier partenaire du secteur priv\u00e9 \u00e0 prendre un engagement de plusieurs millions de dollars et \u00e0 apporter une importante contribution en nature pour soutenir l&#8217;initiative conjointe \u00abGiga\u00bb de l&#8217;UNICEF et de l&#8217;UIT pour la connectivit\u00e9 mondiale des \u00e9coles. Le soutien financier et en nature d&#8217;Ericsson a permis \u00e0 \u00abGiga\u00bb de connecter plus de 5.000 \u00e9coles et plus de 2 millions d&#8217;\u00e9l\u00e8ves.<\/p>\n\n\n\n<p>Chez Ericsson, nous sommes fiers de jouer notre r\u00f4le dans le soutien \u00e0 l&#8217;adoption du num\u00e9rique dans le pays. R\u00e9duire la fracture num\u00e9rique sur le continent est une promesse, et nous continuerons \u00e0 \u00eatre \u00e0 l&#8217;avant-garde de la promotion d&#8217;un avenir plus prometteur et plus connect\u00e9 pour le Maroc, o\u00f9 nous sommes pr\u00e9sents depuis 1984.<\/p>\n","protected":false},"excerpt":{"rendered":"<p>Le Maroc a un \u00e9norme potentiel en mati\u00e8re de d\u00e9veloppement num\u00e9rique. Le pays ne cesse de r\u00e9duire la fracture num\u00e9rique, ce qui lui permet de tracer la voie d&#8217;un avenir encore plus prometteur et plus connect\u00e9. Telle est la conviction de Nora Wahby, \u00e0 travers cette Tribune. Elle est Vice-Pr\u00e9sidente et responsable de l&#8217;Unit\u00e9 Client &hellip;<\/p>\n","protected":false},"author":9,"featured_media":19375,"comment_status":"open","ping_status":"closed","sticky":false,"template":"","format":"standard","meta":{"footnotes":""},"categories":[196],"tags":[],"class_list":["post-19374","post","type-post","status-publish","format-standard","has-post-thumbnail","hentry","category-developpement"],"_links":{"self":[{"href":"https:\/\/letempsmag.ma\/index.php?rest_route=\/wp\/v2\/posts\/19374","targetHints":{"allow":["GET"]}}],"collection":[{"href":"https:\/\/letempsmag.ma\/index.php?rest_route=\/wp\/v2\/posts"}],"about":[{"href":"https:\/\/letempsmag.ma\/index.php?rest_route=\/wp\/v2\/types\/post"}],"author":[{"embeddable":true,"href":"https:\/\/letempsmag.ma\/index.php?rest_route=\/wp\/v2\/users\/9"}],"replies":[{"embeddable":true,"href":"https:\/\/letempsmag.ma\/index.php?rest_route=%2Fwp%2Fv2%2Fcomments&post=19374"}],"version-history":[{"count":1,"href":"https:\/\/letempsmag.ma\/index.php?rest_route=\/wp\/v2\/posts\/19374\/revisions"}],"predecessor-version":[{"id":19376,"href":"https:\/\/letempsmag.ma\/index.php?rest_route=\/wp\/v2\/posts\/19374\/revisions\/19376"}],"wp:featuredmedia":[{"embeddable":true,"href":"https:\/\/letempsmag.ma\/index.php?rest_route=\/wp\/v2\/media\/19375"}],"wp:attachment":[{"href":"https:\/\/letempsmag.ma\/index.php?rest_route=%2Fwp%2Fv2%2Fmedia&parent=19374"}],"wp:term":[{"taxonomy":"category","embeddable":true,"href":"https:\/\/letempsmag.ma\/index.php?rest_route=%2Fwp%2Fv2%2Fcategories&post=19374"},{"taxonomy":"post_tag","embeddable":true,"href":"https:\/\/letempsmag.ma\/index.php?rest_route=%2Fwp%2Fv2%2Ftags&post=19374"}],"curies":[{"name":"wp","href":"https:\/\/api.w.org\/{rel}","templated":true}]}}