{"id":19371,"date":"2022-12-05T09:46:06","date_gmt":"2022-12-05T08:46:06","guid":{"rendered":"https:\/\/letempsmag.ma\/?p=19371"},"modified":"2022-12-05T09:46:06","modified_gmt":"2022-12-05T08:46:06","slug":"49-nouveaux-cas-au-maroc-en-24-heures-et-1-269-345-cas-cumules","status":"publish","type":"post","link":"https:\/\/letempsmag.ma\/?p=19371","title":{"rendered":"<strong>49 nouveaux cas au Maroc en 24 heures et 1.269.345 cas cumul\u00e9s<\/strong>"},"content":{"rendered":"\n<p>Un total de 49 nouveaux cas d&#8217;infection au \u00abCovid-19\u00bb et 184 gu\u00e9risons a \u00e9t\u00e9 enregistr\u00e9 au Maroc dans les derni\u00e8res 24 heures, a indiqu\u00e9 dimanche le minist\u00e8re de la Sant\u00e9 et de la Protection sociale, qui fait \u00e9tat d&#8217;aucun nouveau d\u00e9c\u00e8s.<\/p>\n\n\n\n<p>Dans son bulletin quotidien sur la situation \u00e9pid\u00e9miologique, le minist\u00e8re a en outre pr\u00e9cis\u00e9 que le nombre de primo-vaccin\u00e9s a atteint 24.915.998, celui des personnes ayant re\u00e7u deux doses s&#8217;\u00e9l\u00e8ve \u00e0 23.416.159, alors que 6.860.196 personnes ont eu trois injections du vaccin et 56.636 ont re\u00e7u la quatri\u00e8me dose.<\/p>\n\n\n\n<p>Le nouveau bilan d&#8217;infections porte \u00e0 1.269.345 le nombre total des contaminations depuis le premier cas signal\u00e9 au Maroc le 2 mars 2020, tandis que le nombre des personnes r\u00e9tablies est pass\u00e9 \u00e0 1.251.919, soit un taux de gu\u00e9rison de 98,6%.<\/p>\n\n\n\n<p>Les nouveaux cas d&#8217;infection ont \u00e9t\u00e9 recens\u00e9s dans les r\u00e9gions de Rabat-Sal\u00e9-K\u00e9nitra (17), Casablanca-Settat (11), Souss-Massa (9), Marrakech-Safi (5), F\u00e8s-Mekn\u00e8s (4), l&#8217;Oriental (2) et La\u00e2youne-Sakia El Hamra (01).<\/p>\n\n\n\n<p>Le nombre total des d\u00e9c\u00e8s est toujours de 16.285 (l\u00e9talit\u00e9 1,3%), avec z\u00e9ro cas enregistr\u00e9 lors des derni\u00e8res 24 heures.<\/p>\n\n\n\n<p>Les cas actifs sont au nombre de 1.141, avec z\u00e9ro cas s\u00e9v\u00e8re ou critique lors des derni\u00e8res 24 heures, pour un total de 5 cas.<\/p>\n","protected":false},"excerpt":{"rendered":"<p>Un total de 49 nouveaux cas d&#8217;infection au \u00abCovid-19\u00bb et 184 gu\u00e9risons a \u00e9t\u00e9 enregistr\u00e9 au Maroc dans les derni\u00e8res 24 heures, a indiqu\u00e9 dimanche le minist\u00e8re de la Sant\u00e9 et de la Protection sociale, qui fait \u00e9tat d&#8217;aucun nouveau d\u00e9c\u00e8s. Dans son bulletin quotidien sur la situation \u00e9pid\u00e9miologique, le minist\u00e8re a en outre pr\u00e9cis\u00e9 &hellip;<\/p>\n","protected":false},"author":9,"featured_media":19372,"comment_status":"open","ping_status":"closed","sticky":false,"template":"","format":"standard","meta":{"footnotes":""},"categories":[168],"tags":[],"class_list":["post-19371","post","type-post","status-publish","format-standard","has-post-thumbnail","hentry","category-pandemie-2"],"_links":{"self":[{"href":"https:\/\/letempsmag.ma\/index.php?rest_route=\/wp\/v2\/posts\/19371","targetHints":{"allow":["GET"]}}],"collection":[{"href":"https:\/\/letempsmag.ma\/index.php?rest_route=\/wp\/v2\/posts"}],"about":[{"href":"https:\/\/letempsmag.ma\/index.php?rest_route=\/wp\/v2\/types\/post"}],"author":[{"embeddable":true,"href":"https:\/\/letempsmag.ma\/index.php?rest_route=\/wp\/v2\/users\/9"}],"replies":[{"embeddable":true,"href":"https:\/\/letempsmag.ma\/index.php?rest_route=%2Fwp%2Fv2%2Fcomments&post=19371"}],"version-history":[{"count":1,"href":"https:\/\/letempsmag.ma\/index.php?rest_route=\/wp\/v2\/posts\/19371\/revisions"}],"predecessor-version":[{"id":19373,"href":"https:\/\/letempsmag.ma\/index.php?rest_route=\/wp\/v2\/posts\/19371\/revisions\/19373"}],"wp:featuredmedia":[{"embeddable":true,"href":"https:\/\/letempsmag.ma\/index.php?rest_route=\/wp\/v2\/media\/19372"}],"wp:attachment":[{"href":"https:\/\/letempsmag.ma\/index.php?rest_route=%2Fwp%2Fv2%2Fmedia&parent=19371"}],"wp:term":[{"taxonomy":"category","embeddable":true,"href":"https:\/\/letempsmag.ma\/index.php?rest_route=%2Fwp%2Fv2%2Fcategories&post=19371"},{"taxonomy":"post_tag","embeddable":true,"href":"https:\/\/letempsmag.ma\/index.php?rest_route=%2Fwp%2Fv2%2Ftags&post=19371"}],"curies":[{"name":"wp","href":"https:\/\/api.w.org\/{rel}","templated":true}]}}