{"id":19242,"date":"2022-12-01T13:38:54","date_gmt":"2022-12-01T12:38:54","guid":{"rendered":"https:\/\/letempsmag.ma\/?p=19242"},"modified":"2022-12-01T13:38:55","modified_gmt":"2022-12-01T12:38:55","slug":"la-nouvelle-charte-de-linvestissement-votee-par-la-chambre-des-conseillers","status":"publish","type":"post","link":"https:\/\/letempsmag.ma\/?p=19242","title":{"rendered":"<strong>La nouvelle Charte de l\u2019Investissement vot\u00e9e par la Chambre des Conseillers<\/strong>"},"content":{"rendered":"\n<p><strong><em>Enfin, le texte de loi sur la Charte de l\u2019investissement a bel et bien abouti dans le circuit l\u00e9gislatif. La Chambre des Conseillers a, en effet, proc\u00e9d\u00e9 le 29 novembre dernier au vote du projet de loi \u00ab03.22\u00bb tant attendu.<\/em><\/strong><\/p>\n\n\n\n<p>Vot\u00e9e \u00e0 la majorit\u00e9, la nouvelle Charte de l\u2019Investissement a finalement r\u00e9ussi \u00e0 faire le consensus et transcender ainsi les positions partisanes qui mena\u00e7aient de retarder son passage dans le circuit l\u00e9gislatif. Fruit d\u2019un effort d\u2019intelligence collective, ladite loi traduit la mobilisation de tous les acteurs, priv\u00e9s et publics confondus, le but \u00e9tant de faire avancer le Maroc dans la dynamique du progr\u00e8s, tel que c\u2019est dispos\u00e9 dans le nouveau Mod\u00e8le de d\u00e9veloppement du Royaume. La nouvelle Charte de l\u2019Investissement, est-il utile de le rappeler, constitue un outil puissant au service de la notion d\u2019\u00c9tat social tel que le veut S.M. le Roi Mohammed VI. Dans son esprit comme dans sa forme, le texte de loi vise \u00e0 g\u00e9n\u00e9rer des emplois stables, vecteurs de dynamique sociale, afin d\u2019inverser d\u2019ici \u00e0 2035 le ratio classique entre les flux d\u2019investissements priv\u00e9s et d\u2019investissements publics. En ligne de mire&nbsp;: faire financer les grands programmes sociaux promus dans le projet du nouveau Mod\u00e8le d\u00e9veloppement du Royaume.<\/p>\n\n\n\n<p>\u00c0 pr\u00e9ciser que ce texte de loi s\u2019articule autour de trois axes essentiels&nbsp;:<\/p>\n\n\n\n<p>&#8211; Des dispositifs de soutien \u00e0 l\u2019investissement sans pr\u00e9c\u00e9dent dans l\u2019histoire du Royaume, visant une croissance durable, souveraine, tourn\u00e9e vers les m\u00e9tiers d\u2019avenir, inclusive pour tous les citoyens et tous les territoires.<\/p>\n\n\n\n<p>&#8211; L\u2019am\u00e9lioration de l\u2019environnement des affaires dans le but de renforcer le climat de confiance et de simplifier l\u2019acte d\u2019investir.<\/p>\n\n\n\n<p>&#8211; La promotion d\u2019une gouvernance unifi\u00e9e et renforc\u00e9e qui, dans l\u2019esprit du dessein de r\u00e9gionalisation avanc\u00e9e, place le facteur r\u00e9gional au centre de toute cette dynamique afin de p\u00e9renniser l\u2019efficacit\u00e9 des actions men\u00e9es sur le terrain.<\/p>\n\n\n\n<p>A pr\u00e9ciser \u00e9galement que la nouvelle Charte de l\u2019Investissement interpelle tous les investisseurs, aussi bien marocains qu\u2019\u00e9trangers, toutes tailles et tous centres d\u2019int\u00e9r\u00eats confondus. De fait, le projet de loi dote le Maroc d\u2019un cadre r\u00e9ellement attractif et comp\u00e9titif, permettant aux outils institutionnels mis en place de se d\u00e9ployer avec toute l\u2019efficience et la c\u00e9l\u00e9rit\u00e9 voulues.<\/p>\n\n\n\n<p><strong>M. E.<\/strong><\/p>\n","protected":false},"excerpt":{"rendered":"<p>Enfin, le texte de loi sur la Charte de l\u2019investissement a bel et bien abouti dans le circuit l\u00e9gislatif. La Chambre des Conseillers a, en effet, proc\u00e9d\u00e9 le 29 novembre dernier au vote du projet de loi \u00ab03.22\u00bb tant attendu. Vot\u00e9e \u00e0 la majorit\u00e9, la nouvelle Charte de l\u2019Investissement a finalement r\u00e9ussi \u00e0 faire le &hellip;<\/p>\n","protected":false},"author":9,"featured_media":19243,"comment_status":"open","ping_status":"closed","sticky":false,"template":"","format":"standard","meta":{"footnotes":""},"categories":[211],"tags":[],"class_list":["post-19242","post","type-post","status-publish","format-standard","has-post-thumbnail","hentry","category-parlement"],"_links":{"self":[{"href":"https:\/\/letempsmag.ma\/index.php?rest_route=\/wp\/v2\/posts\/19242","targetHints":{"allow":["GET"]}}],"collection":[{"href":"https:\/\/letempsmag.ma\/index.php?rest_route=\/wp\/v2\/posts"}],"about":[{"href":"https:\/\/letempsmag.ma\/index.php?rest_route=\/wp\/v2\/types\/post"}],"author":[{"embeddable":true,"href":"https:\/\/letempsmag.ma\/index.php?rest_route=\/wp\/v2\/users\/9"}],"replies":[{"embeddable":true,"href":"https:\/\/letempsmag.ma\/index.php?rest_route=%2Fwp%2Fv2%2Fcomments&post=19242"}],"version-history":[{"count":1,"href":"https:\/\/letempsmag.ma\/index.php?rest_route=\/wp\/v2\/posts\/19242\/revisions"}],"predecessor-version":[{"id":19244,"href":"https:\/\/letempsmag.ma\/index.php?rest_route=\/wp\/v2\/posts\/19242\/revisions\/19244"}],"wp:featuredmedia":[{"embeddable":true,"href":"https:\/\/letempsmag.ma\/index.php?rest_route=\/wp\/v2\/media\/19243"}],"wp:attachment":[{"href":"https:\/\/letempsmag.ma\/index.php?rest_route=%2Fwp%2Fv2%2Fmedia&parent=19242"}],"wp:term":[{"taxonomy":"category","embeddable":true,"href":"https:\/\/letempsmag.ma\/index.php?rest_route=%2Fwp%2Fv2%2Fcategories&post=19242"},{"taxonomy":"post_tag","embeddable":true,"href":"https:\/\/letempsmag.ma\/index.php?rest_route=%2Fwp%2Fv2%2Ftags&post=19242"}],"curies":[{"name":"wp","href":"https:\/\/api.w.org\/{rel}","templated":true}]}}