{"id":19184,"date":"2022-11-28T11:42:32","date_gmt":"2022-11-28T10:42:32","guid":{"rendered":"https:\/\/letempsmag.ma\/?p=19184"},"modified":"2022-11-28T11:42:35","modified_gmt":"2022-11-28T10:42:35","slug":"martiderm-lance-au-maroc-son-produit-phare-pigment-zero","status":"publish","type":"post","link":"https:\/\/letempsmag.ma\/?p=19184","title":{"rendered":"<strong>\u00abMartiderm\u00bb lance au Maroc son produit-phare \u00abPigment Zero\u00bb<\/strong>"},"content":{"rendered":"\n<p>La c\u00e9l\u00e8bre marque espagnole \u00abMartiderm\u00bb, sp\u00e9cialiste de la sant\u00e9 de la peau, pr\u00e9sente sur le march\u00e9 marocain depuis deux ans et commercialis\u00e9e en exclusivit\u00e9 par Neoderma, vient de lancer sa nouvelle ligne d\u00e9pigmentante \u00abPigment Zero\u00bb. La gamme est, en effet, disponible aupr\u00e8s des pharmacies et des parapharmacies. \u00abMartiderm\u00bb est leader sur le march\u00e9 des produits anti-\u00e2ge et des d\u00e9pigmentants et occupe la premi\u00e8re place dans le march\u00e9 des ampoules au monde. \u00abLa recherche nous maintient au premier plan en mati\u00e8re de soins de la peau. Tous nos produits sont soumis \u00e0 de rigoureuses \u00e9tudes cliniques afin d\u2019en garantir l\u2019efficacit\u00e9\u00bb, assure-t-on aupr\u00e8s du laboratoire espagnol.<\/p>\n\n\n\n<p>\u00abMartiderm\u00bb se distingue par la philosophie \u00abSmart Aging\u00bb, faisant de cette philosophie son alli\u00e9e au lieu de lutter contre le passage du temps \u00abantiaging\u00bb. L\u2019id\u00e9e est d\u2019encourager les utilisateurs et utilisatrices de la gamme \u00e0 prendre soin de leur peau, mais \u00e9galement de leur mode de vie afin d\u2019avancer dans l\u2019\u00e2ge intelligemment. \u00c0 l\u2019heure actuelle, les produits \u00abMatiderm\u00bb sont commercialis\u00e9s dans une trentaine de pays.<\/p>\n\n\n\n<p>Pr\u00e9cisons que les ampoules \u00abMartiderm\u00bb font de la marque le num\u00e9ro un mondial de sur cette activit\u00e9. Produit-phare, ces ampoules \u00abSmart-Aging\u00bb illustrent le mieux le succ\u00e8s de la marque. Le format innovant en verre teint\u00e9, afin de mieux prot\u00e9ger la formule contre la lumi\u00e8re et le contact avec l\u2019air, permet d\u2019\u00e9viter l\u2019oxydation de la vitamine C. Un proc\u00e9d\u00e9 qui a connu un v\u00e9ritable succ\u00e8s. Les actifs fondamentaux qui font de ce produit le leader des ventes au niveau mondial sont les prot\u00e9oglycanes et la<br>vitamine C pure. Le prot\u00e9oglycane est une mol\u00e9cule-cl\u00e9 pour maintenir en bon \u00e9tat la matrice extracellulaire, essentielle pour conserver une peau en bonne sant\u00e9. Sa production endog\u00e8ne, soit la capacit\u00e9 naturelle que notre peau a de former cette<br>mol\u00e9cule, diminue avec l&#8217;\u00e2ge. Il est donc important de disposer d&#8217;un apport externe au moyen de l&#8217;usage de produits cosm\u00e9tiques, dans le but de profiter de ses effets hydratants et r\u00e9parateurs de la peau.<\/p>\n","protected":false},"excerpt":{"rendered":"<p>La c\u00e9l\u00e8bre marque espagnole \u00abMartiderm\u00bb, sp\u00e9cialiste de la sant\u00e9 de la peau, pr\u00e9sente sur le march\u00e9 marocain depuis deux ans et commercialis\u00e9e en exclusivit\u00e9 par Neoderma, vient de lancer sa nouvelle ligne d\u00e9pigmentante \u00abPigment Zero\u00bb. La gamme est, en effet, disponible aupr\u00e8s des pharmacies et des parapharmacies. \u00abMartiderm\u00bb est leader sur le march\u00e9 des produits &hellip;<\/p>\n","protected":false},"author":9,"featured_media":19185,"comment_status":"open","ping_status":"closed","sticky":false,"template":"","format":"standard","meta":{"footnotes":""},"categories":[643],"tags":[],"class_list":["post-19184","post","type-post","status-publish","format-standard","has-post-thumbnail","hentry","category-soins"],"_links":{"self":[{"href":"https:\/\/letempsmag.ma\/index.php?rest_route=\/wp\/v2\/posts\/19184","targetHints":{"allow":["GET"]}}],"collection":[{"href":"https:\/\/letempsmag.ma\/index.php?rest_route=\/wp\/v2\/posts"}],"about":[{"href":"https:\/\/letempsmag.ma\/index.php?rest_route=\/wp\/v2\/types\/post"}],"author":[{"embeddable":true,"href":"https:\/\/letempsmag.ma\/index.php?rest_route=\/wp\/v2\/users\/9"}],"replies":[{"embeddable":true,"href":"https:\/\/letempsmag.ma\/index.php?rest_route=%2Fwp%2Fv2%2Fcomments&post=19184"}],"version-history":[{"count":1,"href":"https:\/\/letempsmag.ma\/index.php?rest_route=\/wp\/v2\/posts\/19184\/revisions"}],"predecessor-version":[{"id":19186,"href":"https:\/\/letempsmag.ma\/index.php?rest_route=\/wp\/v2\/posts\/19184\/revisions\/19186"}],"wp:featuredmedia":[{"embeddable":true,"href":"https:\/\/letempsmag.ma\/index.php?rest_route=\/wp\/v2\/media\/19185"}],"wp:attachment":[{"href":"https:\/\/letempsmag.ma\/index.php?rest_route=%2Fwp%2Fv2%2Fmedia&parent=19184"}],"wp:term":[{"taxonomy":"category","embeddable":true,"href":"https:\/\/letempsmag.ma\/index.php?rest_route=%2Fwp%2Fv2%2Fcategories&post=19184"},{"taxonomy":"post_tag","embeddable":true,"href":"https:\/\/letempsmag.ma\/index.php?rest_route=%2Fwp%2Fv2%2Ftags&post=19184"}],"curies":[{"name":"wp","href":"https:\/\/api.w.org\/{rel}","templated":true}]}}