{"id":19178,"date":"2022-11-26T12:14:02","date_gmt":"2022-11-26T11:14:02","guid":{"rendered":"https:\/\/letempsmag.ma\/?p=19178"},"modified":"2022-11-26T12:14:05","modified_gmt":"2022-11-26T11:14:05","slug":"170-nouveaux-cas-au-maroc-en-24-heures-et-1-268-136-cas-cumules","status":"publish","type":"post","link":"https:\/\/letempsmag.ma\/?p=19178","title":{"rendered":"<strong>170 nouveaux cas au Maroc en 24 heures et 1.268.136 cas cumul\u00e9s<\/strong>"},"content":{"rendered":"\n<p>Un total de 170 nouveaux cas d&#8217;infection au \u00abCovid-19\u00bb et 111 gu\u00e9risons a \u00e9t\u00e9 enregistr\u00e9 au Maroc dans les derni\u00e8res 24 heures, a indiqu\u00e9 vendredi le minist\u00e8re de la Sant\u00e9 et de la Protection sociale.<\/p>\n\n\n\n<p>Dans son bulletin quotidien sur la situation \u00e9pid\u00e9miologique, le minist\u00e8re a en outre pr\u00e9cis\u00e9 que le nombre de primo-vaccin\u00e9s a atteint 24.915.344, celui des personnes ayant re\u00e7u deux doses s&#8217;\u00e9l\u00e8ve \u00e0 23.415.190, alors que 6.857.746 personnes ont eu trois injections du vaccin et 56.076 ont re\u00e7u la quatri\u00e8me dose.<\/p>\n\n\n\n<p>Le nouveau bilan d&#8217;infections porte \u00e0 1.268.136 le nombre total des contaminations depuis le premier cas signal\u00e9 au Maroc le 2 mars 2020, tandis que le nombre des personnes r\u00e9tablies est pass\u00e9 \u00e0 1.250.660, soit un taux de gu\u00e9rison de 98,6%.<\/p>\n\n\n\n<p>Les nouveaux cas d&#8217;infection ont \u00e9t\u00e9 recens\u00e9s dans les r\u00e9gions de Rabat-Sal\u00e9-K\u00e9nitra (61), Casablanca-Settat (42), Marrakech-Safi (27), F\u00e8s-Mekn\u00e8s (18), Souss-Massa (12), Tanger-T\u00e9touan-Al Hoceima (5), l&#8217;Oriental (2), Dra\u00e2-Tafilalet (2) et B\u00e9ni Mellal-Kh\u00e9nifra (1).<\/p>\n\n\n\n<p>Le nombre total des d\u00e9c\u00e8s est de 16.284 (l\u00e9talit\u00e9 1,3%), avec un nouveau cas enregistr\u00e9 lors des derni\u00e8res 24 heures.<\/p>\n\n\n\n<p>Les cas actifs sont au nombre de 1.192 avec un nouveau cas sous respiration artificielle signal\u00e9 lors des derni\u00e8res 24 heures.<\/p>\n","protected":false},"excerpt":{"rendered":"<p>Un total de 170 nouveaux cas d&#8217;infection au \u00abCovid-19\u00bb et 111 gu\u00e9risons a \u00e9t\u00e9 enregistr\u00e9 au Maroc dans les derni\u00e8res 24 heures, a indiqu\u00e9 vendredi le minist\u00e8re de la Sant\u00e9 et de la Protection sociale. Dans son bulletin quotidien sur la situation \u00e9pid\u00e9miologique, le minist\u00e8re a en outre pr\u00e9cis\u00e9 que le nombre de primo-vaccin\u00e9s a &hellip;<\/p>\n","protected":false},"author":9,"featured_media":19179,"comment_status":"open","ping_status":"closed","sticky":false,"template":"","format":"standard","meta":{"footnotes":""},"categories":[168],"tags":[],"class_list":["post-19178","post","type-post","status-publish","format-standard","has-post-thumbnail","hentry","category-pandemie-2"],"_links":{"self":[{"href":"https:\/\/letempsmag.ma\/index.php?rest_route=\/wp\/v2\/posts\/19178","targetHints":{"allow":["GET"]}}],"collection":[{"href":"https:\/\/letempsmag.ma\/index.php?rest_route=\/wp\/v2\/posts"}],"about":[{"href":"https:\/\/letempsmag.ma\/index.php?rest_route=\/wp\/v2\/types\/post"}],"author":[{"embeddable":true,"href":"https:\/\/letempsmag.ma\/index.php?rest_route=\/wp\/v2\/users\/9"}],"replies":[{"embeddable":true,"href":"https:\/\/letempsmag.ma\/index.php?rest_route=%2Fwp%2Fv2%2Fcomments&post=19178"}],"version-history":[{"count":1,"href":"https:\/\/letempsmag.ma\/index.php?rest_route=\/wp\/v2\/posts\/19178\/revisions"}],"predecessor-version":[{"id":19180,"href":"https:\/\/letempsmag.ma\/index.php?rest_route=\/wp\/v2\/posts\/19178\/revisions\/19180"}],"wp:featuredmedia":[{"embeddable":true,"href":"https:\/\/letempsmag.ma\/index.php?rest_route=\/wp\/v2\/media\/19179"}],"wp:attachment":[{"href":"https:\/\/letempsmag.ma\/index.php?rest_route=%2Fwp%2Fv2%2Fmedia&parent=19178"}],"wp:term":[{"taxonomy":"category","embeddable":true,"href":"https:\/\/letempsmag.ma\/index.php?rest_route=%2Fwp%2Fv2%2Fcategories&post=19178"},{"taxonomy":"post_tag","embeddable":true,"href":"https:\/\/letempsmag.ma\/index.php?rest_route=%2Fwp%2Fv2%2Ftags&post=19178"}],"curies":[{"name":"wp","href":"https:\/\/api.w.org\/{rel}","templated":true}]}}