{"id":19175,"date":"2022-11-26T12:12:56","date_gmt":"2022-11-26T11:12:56","guid":{"rendered":"https:\/\/letempsmag.ma\/?p=19175"},"modified":"2022-11-26T12:12:58","modified_gmt":"2022-11-26T11:12:58","slug":"letat-durgence-sanitaire-prolonge-jusquau-31-decembre-prochain","status":"publish","type":"post","link":"https:\/\/letempsmag.ma\/?p=19175","title":{"rendered":"<strong>L&#8217;\u00e9tat d&#8217;urgence sanitaire prolong\u00e9 jusqu&#8217;au 31 d\u00e9cembre prochain<\/strong>"},"content":{"rendered":"\n<p>Le Conseil de gouvernement, r\u00e9uni avant-hier en visioconf\u00e9rence, a d\u00e9cid\u00e9 de prolonger la dur\u00e9e d&#8217;effet de l&#8217;\u00e9tat d&#8217;urgence sanitaire sur l&#8217;ensemble du territoire national jusqu&#8217;au 31 d\u00e9cembre prochain, afin de lutter contre la propagation du virus du \u00abCovid-19\u00bb. Le Conseil a adopt\u00e9 le projet de d\u00e9cret \u00ab2.22.932\u00bb portant prolongation de la dur\u00e9e d&#8217;effet de l&#8217;\u00e9tat d&#8217;urgence sanitaire sur l&#8217;ensemble du territoire national, pr\u00e9sent\u00e9 par le Ministre de l&#8217;Int\u00e9rieur, Abdelouafi Laftit, a indiqu\u00e9 le Ministre d\u00e9l\u00e9gu\u00e9 charg\u00e9 des Relations avec le Parlement et Porte-parole du gouvernement, Mustapha Baitas, lors d&#8217;un point de presse \u00e0 l&#8217;issue du Conseil de gouvernement. Le texte pr\u00e9cise que la mesure prend effet du mercredi 30 novembre&nbsp; \u00e0 partir de 18h jusqu\u2019au samedi 31 d\u00e9cembre \u00e0 18h en vue de continuer \u00e0 assurer l&#8217;efficacit\u00e9 et l&#8217;efficience des mesures prises par les autorit\u00e9s publiques afin de lutter contre la propagation du \u00abCovid-19\u00bb, pr\u00e9cise-t-on. (Photo&nbsp;: Le360).<\/p>\n","protected":false},"excerpt":{"rendered":"<p>Le Conseil de gouvernement, r\u00e9uni avant-hier en visioconf\u00e9rence, a d\u00e9cid\u00e9 de prolonger la dur\u00e9e d&#8217;effet de l&#8217;\u00e9tat d&#8217;urgence sanitaire sur l&#8217;ensemble du territoire national jusqu&#8217;au 31 d\u00e9cembre prochain, afin de lutter contre la propagation du virus du \u00abCovid-19\u00bb. Le Conseil a adopt\u00e9 le projet de d\u00e9cret \u00ab2.22.932\u00bb portant prolongation de la dur\u00e9e d&#8217;effet de l&#8217;\u00e9tat &hellip;<\/p>\n","protected":false},"author":9,"featured_media":19176,"comment_status":"open","ping_status":"closed","sticky":false,"template":"","format":"standard","meta":{"footnotes":""},"categories":[377],"tags":[],"class_list":["post-19175","post","type-post","status-publish","format-standard","has-post-thumbnail","hentry","category-covid-19-2"],"_links":{"self":[{"href":"https:\/\/letempsmag.ma\/index.php?rest_route=\/wp\/v2\/posts\/19175","targetHints":{"allow":["GET"]}}],"collection":[{"href":"https:\/\/letempsmag.ma\/index.php?rest_route=\/wp\/v2\/posts"}],"about":[{"href":"https:\/\/letempsmag.ma\/index.php?rest_route=\/wp\/v2\/types\/post"}],"author":[{"embeddable":true,"href":"https:\/\/letempsmag.ma\/index.php?rest_route=\/wp\/v2\/users\/9"}],"replies":[{"embeddable":true,"href":"https:\/\/letempsmag.ma\/index.php?rest_route=%2Fwp%2Fv2%2Fcomments&post=19175"}],"version-history":[{"count":1,"href":"https:\/\/letempsmag.ma\/index.php?rest_route=\/wp\/v2\/posts\/19175\/revisions"}],"predecessor-version":[{"id":19177,"href":"https:\/\/letempsmag.ma\/index.php?rest_route=\/wp\/v2\/posts\/19175\/revisions\/19177"}],"wp:featuredmedia":[{"embeddable":true,"href":"https:\/\/letempsmag.ma\/index.php?rest_route=\/wp\/v2\/media\/19176"}],"wp:attachment":[{"href":"https:\/\/letempsmag.ma\/index.php?rest_route=%2Fwp%2Fv2%2Fmedia&parent=19175"}],"wp:term":[{"taxonomy":"category","embeddable":true,"href":"https:\/\/letempsmag.ma\/index.php?rest_route=%2Fwp%2Fv2%2Fcategories&post=19175"},{"taxonomy":"post_tag","embeddable":true,"href":"https:\/\/letempsmag.ma\/index.php?rest_route=%2Fwp%2Fv2%2Ftags&post=19175"}],"curies":[{"name":"wp","href":"https:\/\/api.w.org\/{rel}","templated":true}]}}