{"id":19009,"date":"2022-11-21T12:39:00","date_gmt":"2022-11-21T11:39:00","guid":{"rendered":"https:\/\/letempsmag.ma\/?p=19009"},"modified":"2022-11-21T12:39:03","modified_gmt":"2022-11-21T11:39:03","slug":"au-maroc-et-dans-le-monde-ikea-deploie-son-concept-la-maison-accueillante","status":"publish","type":"post","link":"https:\/\/letempsmag.ma\/?p=19009","title":{"rendered":"<strong>Au Maroc et dans le monde, IKEA d\u00e9ploie son concept \u00abLa Maison Accueillante\u00bb<\/strong>"},"content":{"rendered":"\n<p>Pour c\u00e9l\u00e9brer les moments quotidiens \u00e0 la maison et le temps que l\u2019on passe en famille et entre amis, IKEA vient de lancer une campagne \u00abLa Maison Accueillante\u00bb. Le g\u00e9ant su\u00e9dois et leader mondial de l\u2019am\u00e9nagement des espaces de vie \u00e0 la maison r\u00e9affirme ainsi sa vocation \u00e0 accompagner toujours aussi utilement les utilisateurs au quotidien. Adil Majd, Directeur G\u00e9n\u00e9ral de IKEA Z\u00e9nata, explique \u00e0 ce propos&nbsp;: \u00abChez IKEA, nous pensons qu&#8217;une meilleure maison doit toujours \u00eatre chaleureuse et accueillante, \u00eatre belle et nous faire nous sentir bien et fiers. C&#8217;est une maison o\u00f9 l&#8217;on se sent bien, qui refl\u00e8te notre personnalit\u00e9, o\u00f9 il y a de la lumi\u00e8re naturelle, une temp\u00e9rature confortable, de bonnes odeurs et beaucoup d&#8217;activit\u00e9s int\u00e9rieures et ext\u00e9rieures avec ceux que l&#8217;on aime\u00bb.<\/p>\n\n\n\n<p>Le haut responsable a pr\u00e9cis\u00e9 aussi qu\u2019IKEA se tient aux c\u00f4t\u00e9s de ses clients pour les aider avec des id\u00e9es et des solutions abordables afin de rendre leur maison plus accueillante, autant pour eux que pour leur famille, leurs amis et invit\u00e9s, et ce, quelle que soit la taille de la maison ou le style de vie qu\u2019ils m\u00e8nent.<\/p>\n\n\n\n<p>\u00c0 pr\u00e9ciser que le quatri\u00e8me num\u00e9ro du magazine d\u2019IKEA \u00abl\u2019Extraordinaire dans l\u2019ordinaire\u00bb a \u00e9t\u00e9 lanc\u00e9 le 11 novembre dernier, mettant en avant de nombreuses solutions abordables permettant de cr\u00e9er une maison accueillante et personnalis\u00e9e pour les espaces int\u00e9rieurs et ext\u00e9rieurs, \u00e0 travers des inspirations, des recommandations, des conseils et des id\u00e9es en vue d\u2019am\u00e9nager n\u2019importe quel espace, avec des \u00e9tapes simples. Il est aussi pr\u00e9vu une aide pour le choix des couleurs, que ce soit pour disposer d\u2019une bonne ambiance pour travailler, se d\u00e9tendre ou simplement s\u2019amuser.<\/p>\n\n\n\n<p>Rappelons que l\u2019enseigne IKEA a \u00e9t\u00e9 fond\u00e9e en Su\u00e8de en 1943. Elle est pr\u00e9sente aujourd\u2019hui dans le monde entier. Au Maroc, elle op\u00e8re sous la houlette du groupe koweitien Al-Homaizi qui exploite la carte de la marque au Koweit, en Jordanie et au Maroc. L\u2019enseigne propose des solutions d&#8217;am\u00e9nagement de la maison bien con\u00e7ues, fonctionnelles et abordables, de haute qualit\u00e9, produites dans le respect des personnes et de l&#8217;environnement.<\/p>\n\n\n\n<p><strong>L. F.<\/strong><\/p>\n","protected":false},"excerpt":{"rendered":"<p>Pour c\u00e9l\u00e9brer les moments quotidiens \u00e0 la maison et le temps que l\u2019on passe en famille et entre amis, IKEA vient de lancer une campagne \u00abLa Maison Accueillante\u00bb. Le g\u00e9ant su\u00e9dois et leader mondial de l\u2019am\u00e9nagement des espaces de vie \u00e0 la maison r\u00e9affirme ainsi sa vocation \u00e0 accompagner toujours aussi utilement les utilisateurs au &hellip;<\/p>\n","protected":false},"author":9,"featured_media":19010,"comment_status":"open","ping_status":"closed","sticky":false,"template":"","format":"standard","meta":{"footnotes":""},"categories":[894],"tags":[],"class_list":["post-19009","post","type-post","status-publish","format-standard","has-post-thumbnail","hentry","category-espaces-de-vie"],"_links":{"self":[{"href":"https:\/\/letempsmag.ma\/index.php?rest_route=\/wp\/v2\/posts\/19009","targetHints":{"allow":["GET"]}}],"collection":[{"href":"https:\/\/letempsmag.ma\/index.php?rest_route=\/wp\/v2\/posts"}],"about":[{"href":"https:\/\/letempsmag.ma\/index.php?rest_route=\/wp\/v2\/types\/post"}],"author":[{"embeddable":true,"href":"https:\/\/letempsmag.ma\/index.php?rest_route=\/wp\/v2\/users\/9"}],"replies":[{"embeddable":true,"href":"https:\/\/letempsmag.ma\/index.php?rest_route=%2Fwp%2Fv2%2Fcomments&post=19009"}],"version-history":[{"count":1,"href":"https:\/\/letempsmag.ma\/index.php?rest_route=\/wp\/v2\/posts\/19009\/revisions"}],"predecessor-version":[{"id":19011,"href":"https:\/\/letempsmag.ma\/index.php?rest_route=\/wp\/v2\/posts\/19009\/revisions\/19011"}],"wp:featuredmedia":[{"embeddable":true,"href":"https:\/\/letempsmag.ma\/index.php?rest_route=\/wp\/v2\/media\/19010"}],"wp:attachment":[{"href":"https:\/\/letempsmag.ma\/index.php?rest_route=%2Fwp%2Fv2%2Fmedia&parent=19009"}],"wp:term":[{"taxonomy":"category","embeddable":true,"href":"https:\/\/letempsmag.ma\/index.php?rest_route=%2Fwp%2Fv2%2Fcategories&post=19009"},{"taxonomy":"post_tag","embeddable":true,"href":"https:\/\/letempsmag.ma\/index.php?rest_route=%2Fwp%2Fv2%2Ftags&post=19009"}],"curies":[{"name":"wp","href":"https:\/\/api.w.org\/{rel}","templated":true}]}}