{"id":19000,"date":"2022-11-18T10:37:09","date_gmt":"2022-11-18T09:37:09","guid":{"rendered":"https:\/\/letempsmag.ma\/?p=19000"},"modified":"2022-11-18T10:37:12","modified_gmt":"2022-11-18T09:37:12","slug":"moussa-el-haj-ou-el-haj-moussa","status":"publish","type":"post","link":"https:\/\/letempsmag.ma\/?p=19000","title":{"rendered":"<strong>Moussa El Haj ou El Haj Moussa<\/strong>"},"content":{"rendered":"\n<p class=\"has-text-align-center\"><strong>Par HASSAN EL ARCH<\/strong><\/p>\n\n\n\n<p class=\"has-text-align-center\"><strong>Directeur de la R\u00e9daction<\/strong><\/p>\n\n\n\n<p class=\"has-text-align-center\"><strong>direction@letempsmag.ma<\/strong><\/p>\n\n\n\n<p>L\u2019Alg\u00e9rie d\u2019Abdelmajid Tebboune n\u2019a pas r\u00e9ussi \u00e0 d\u00e9rocher son ticket pour le Mondial de football, qui d\u00e9marre dimanche prochain au Qatar, mais elle se serait assur\u00e9ment qualifi\u00e9e et aurait m\u00eame remport\u00e9 un Mondial de la f\u00e9lonie et de la fourberie, si ce tournoi avait exist\u00e9\u2026 C\u2019est une certitude. Champions toutes cat\u00e9gories de la duplicit\u00e9, sp\u00e9cialistes incontest\u00e9s de la traitrise, les ma\u00eetres d\u2019Alger sont aussi les meilleurs sur le terrain de l\u2019hypocrisie. Ils battent tout le monde au jeu du non-sens. Le mensonge est leur strat\u00e9gie d\u2019attaque. L\u2019absurde, leur ligne de d\u00e9fense.<\/p>\n\n\n\n<p>S\u2019il retourne dans son pays, l\u2019Alg\u00e9rie, Ferhat Mehenni \u00e9copera (au mieux) de la prison \u00e0 perp\u00e9tuit\u00e9. Il est chef du Mouvement pour l\u2019Autod\u00e9termination de la Kabylie (MAK), condamn\u00e9 le 14 novembre courant par le tribunal de Dar Al-Be\u00efda d\u2019Alger. Par contumace, car il vit en France o\u00f9 il s\u2019est r\u00e9fugi\u00e9, depuis des ann\u00e9es, sa t\u00eate ayant \u00e9t\u00e9 mise \u00e0 prix \u00e0 Alger \u00abpour cr\u00e9ation d\u2019une organisation terroriste et atteinte \u00e0 l\u2019int\u00e9grit\u00e9 territoriale et \u00e0 l\u2019unit\u00e9 nationale\u00bb. En mai 2021, le pouvoir alg\u00e9rien a class\u00e9 le MAK, dont le QG est install\u00e9 \u00e0 Paris, comme \u00aborganisation terroriste\u00bb. Ses militants encourent, tous, la r\u00e9clusion \u00e0 perp\u00e9tuit\u00e9 en vertu d\u2019un article du Code p\u00e9nal punissant \u00abtout Alg\u00e9rien qui s\u2019active ou qui s\u2019enr\u00f4le \u00e0 l\u2019\u00e9tranger dans une association, groupe ou organisation terroriste ou subversive, dont les activit\u00e9s nuisent aux int\u00e9r\u00eats de l\u2019Alg\u00e9rie\u00bb. Pour enfoncer le clou, le tribunal alg\u00e9rois a reconfirm\u00e9 le mandat d\u2019arr\u00eat international \u00e9mis contre les militants du MAK install\u00e9s \u00e0 l\u2019\u00e9tranger.<\/p>\n\n\n\n<p>C\u2019est tr\u00e8s clair, jusqu\u2019ici. Mais \u00e0 un d\u00e9tail pr\u00e8s. Le Pr\u00e9sident Abdelmajid Tebboune et les g\u00e9n\u00e9raux chamarr\u00e9s qui se font cirer les pompes au palais El Mouradia appliquent strictement, exactement et totalement la doctrine contraire concernant un autre activiste subversif et non moins s\u00e9paratiste, d\u00e9nomm\u00e9 Brahim Ghali. Du moment qu\u2019il s\u2019agit de d\u00e9clarer la guerre au Maroc\u2026 La logique \u00e0 g\u00e9om\u00e9trie variable, tout le monde le sait depuis longtemps maintenant, est une autre des sp\u00e9cialit\u00e9s d\u2019Alger. La Kabylie ne saurait \u00eatre consid\u00e9r\u00e9e comme un territoire autonome dans l\u2019histoire et la g\u00e9ographie alg\u00e9riennes&nbsp;! Mais le Sahara en est un&nbsp;! Le leader du MAK, Ferhat Mehenni, est un criminel et un terroriste passible de la \u00abperp\u00e9t\u00bb parce qu\u2019il veut autonomiser la Kabylie. Mais Brahim Ghali, parce qu\u2019il m\u00e8ne le \u00abPolisario\u00bb contre les lignes marocaines au Sahara, est un h\u00e9ros qui a droit aux honneurs d\u2019un chef d\u2019\u00c9tat.<\/p>\n\n\n\n<p>C\u2019est, comme on dit, Moussa El Haj et El Haj Moussa&#8230; Mais qui s\u2019en \u00e9tonnerait encore, venant d\u2019Alger&nbsp;?<\/p>\n","protected":false},"excerpt":{"rendered":"<p>Par HASSAN EL ARCH Directeur de la R\u00e9daction direction@letempsmag.ma L\u2019Alg\u00e9rie d\u2019Abdelmajid Tebboune n\u2019a pas r\u00e9ussi \u00e0 d\u00e9rocher son ticket pour le Mondial de football, qui d\u00e9marre dimanche prochain au Qatar, mais elle se serait assur\u00e9ment qualifi\u00e9e et aurait m\u00eame remport\u00e9 un Mondial de la f\u00e9lonie et de la fourberie, si ce tournoi avait exist\u00e9\u2026 C\u2019est &hellip;<\/p>\n","protected":false},"author":9,"featured_media":1323,"comment_status":"open","ping_status":"closed","sticky":false,"template":"","format":"standard","meta":{"footnotes":""},"categories":[44],"tags":[],"class_list":["post-19000","post","type-post","status-publish","format-standard","has-post-thumbnail","hentry","category-edito"],"_links":{"self":[{"href":"https:\/\/letempsmag.ma\/index.php?rest_route=\/wp\/v2\/posts\/19000","targetHints":{"allow":["GET"]}}],"collection":[{"href":"https:\/\/letempsmag.ma\/index.php?rest_route=\/wp\/v2\/posts"}],"about":[{"href":"https:\/\/letempsmag.ma\/index.php?rest_route=\/wp\/v2\/types\/post"}],"author":[{"embeddable":true,"href":"https:\/\/letempsmag.ma\/index.php?rest_route=\/wp\/v2\/users\/9"}],"replies":[{"embeddable":true,"href":"https:\/\/letempsmag.ma\/index.php?rest_route=%2Fwp%2Fv2%2Fcomments&post=19000"}],"version-history":[{"count":1,"href":"https:\/\/letempsmag.ma\/index.php?rest_route=\/wp\/v2\/posts\/19000\/revisions"}],"predecessor-version":[{"id":19001,"href":"https:\/\/letempsmag.ma\/index.php?rest_route=\/wp\/v2\/posts\/19000\/revisions\/19001"}],"wp:featuredmedia":[{"embeddable":true,"href":"https:\/\/letempsmag.ma\/index.php?rest_route=\/wp\/v2\/media\/1323"}],"wp:attachment":[{"href":"https:\/\/letempsmag.ma\/index.php?rest_route=%2Fwp%2Fv2%2Fmedia&parent=19000"}],"wp:term":[{"taxonomy":"category","embeddable":true,"href":"https:\/\/letempsmag.ma\/index.php?rest_route=%2Fwp%2Fv2%2Fcategories&post=19000"},{"taxonomy":"post_tag","embeddable":true,"href":"https:\/\/letempsmag.ma\/index.php?rest_route=%2Fwp%2Fv2%2Ftags&post=19000"}],"curies":[{"name":"wp","href":"https:\/\/api.w.org\/{rel}","templated":true}]}}