{"id":18957,"date":"2022-11-17T10:29:14","date_gmt":"2022-11-17T09:29:14","guid":{"rendered":"https:\/\/letempsmag.ma\/?p=18957"},"modified":"2022-11-17T10:29:16","modified_gmt":"2022-11-17T09:29:16","slug":"129-nouveaux-cas-au-maroc-en-24-heures-et-1-266-917-cas-cumules","status":"publish","type":"post","link":"https:\/\/letempsmag.ma\/?p=18957","title":{"rendered":"<strong>129 nouveaux cas au Maroc en 24 heures et 1.266.917 cas cumul\u00e9s<\/strong>"},"content":{"rendered":"\n<p>Un total de 129 nouveaux cas d&#8217;infection au \u00abCovid-19\u00bb et 75 gu\u00e9risons a \u00e9t\u00e9 enregistr\u00e9 au Maroc dans les derni\u00e8res 24 heures, a indiqu\u00e9 mercredi le minist\u00e8re de la Sant\u00e9 et de la Protection sociale.<\/p>\n\n\n\n<p>Dans son bulletin quotidien sur la situation \u00e9pid\u00e9miologique, le minist\u00e8re a not\u00e9 que le nombre de primo-vaccin\u00e9s a atteint 24.914.311, celui des personnes ayant re\u00e7u deux doses s&#8217;\u00e9l\u00e8ve \u00e0 23.413.809, alors que 6.853.252 personnes ont eu trois injections du vaccin et 55.399 ont en re\u00e7u quatre.<\/p>\n\n\n\n<p>Le nouveau bilan d&#8217;infections porte \u00e0 1.266.917 le nombre total des contaminations depuis le premier cas signal\u00e9 au Maroc le 2 mars 2020, tandis que le nombre des personnes r\u00e9tablies est pass\u00e9 \u00e0 1.249.860, soit un taux de gu\u00e9rison de 98,7%.<\/p>\n\n\n\n<p>Les nouveaux cas d&#8217;infection ont \u00e9t\u00e9 recens\u00e9s dans les r\u00e9gions de Rabat-Sal\u00e9-K\u00e9nitra (44), Casablanca-Settat (43), F\u00e8s-Mekn\u00e8s (21), Marrakech-Safi (11), Souss-Massa (3), l&#8217;Oriental (2), B\u00e9ni Mellal-Kh\u00e9nifra (2), La\u00e2youne-Sakia El Hamra (1), Dar\u00e2-Tafilalet (1) et Guelmim-Oued Noun (1).<\/p>\n\n\n\n<p>Le nombre total des d\u00e9c\u00e8s est toujours de 16.283 (l\u00e9talit\u00e9 1,3%), alors que les cas actifs sont au nombre de 774, avec cinq nouveaux cas s\u00e9v\u00e8res ou critiques signal\u00e9s lors des derni\u00e8res 24 heures.<\/p>\n","protected":false},"excerpt":{"rendered":"<p>Un total de 129 nouveaux cas d&#8217;infection au \u00abCovid-19\u00bb et 75 gu\u00e9risons a \u00e9t\u00e9 enregistr\u00e9 au Maroc dans les derni\u00e8res 24 heures, a indiqu\u00e9 mercredi le minist\u00e8re de la Sant\u00e9 et de la Protection sociale. Dans son bulletin quotidien sur la situation \u00e9pid\u00e9miologique, le minist\u00e8re a not\u00e9 que le nombre de primo-vaccin\u00e9s a atteint 24.914.311, &hellip;<\/p>\n","protected":false},"author":9,"featured_media":18958,"comment_status":"open","ping_status":"closed","sticky":false,"template":"","format":"standard","meta":{"footnotes":""},"categories":[168],"tags":[],"class_list":["post-18957","post","type-post","status-publish","format-standard","has-post-thumbnail","hentry","category-pandemie-2"],"_links":{"self":[{"href":"https:\/\/letempsmag.ma\/index.php?rest_route=\/wp\/v2\/posts\/18957","targetHints":{"allow":["GET"]}}],"collection":[{"href":"https:\/\/letempsmag.ma\/index.php?rest_route=\/wp\/v2\/posts"}],"about":[{"href":"https:\/\/letempsmag.ma\/index.php?rest_route=\/wp\/v2\/types\/post"}],"author":[{"embeddable":true,"href":"https:\/\/letempsmag.ma\/index.php?rest_route=\/wp\/v2\/users\/9"}],"replies":[{"embeddable":true,"href":"https:\/\/letempsmag.ma\/index.php?rest_route=%2Fwp%2Fv2%2Fcomments&post=18957"}],"version-history":[{"count":1,"href":"https:\/\/letempsmag.ma\/index.php?rest_route=\/wp\/v2\/posts\/18957\/revisions"}],"predecessor-version":[{"id":18959,"href":"https:\/\/letempsmag.ma\/index.php?rest_route=\/wp\/v2\/posts\/18957\/revisions\/18959"}],"wp:featuredmedia":[{"embeddable":true,"href":"https:\/\/letempsmag.ma\/index.php?rest_route=\/wp\/v2\/media\/18958"}],"wp:attachment":[{"href":"https:\/\/letempsmag.ma\/index.php?rest_route=%2Fwp%2Fv2%2Fmedia&parent=18957"}],"wp:term":[{"taxonomy":"category","embeddable":true,"href":"https:\/\/letempsmag.ma\/index.php?rest_route=%2Fwp%2Fv2%2Fcategories&post=18957"},{"taxonomy":"post_tag","embeddable":true,"href":"https:\/\/letempsmag.ma\/index.php?rest_route=%2Fwp%2Fv2%2Ftags&post=18957"}],"curies":[{"name":"wp","href":"https:\/\/api.w.org\/{rel}","templated":true}]}}