{"id":18921,"date":"2022-11-15T10:28:28","date_gmt":"2022-11-15T09:28:28","guid":{"rendered":"https:\/\/letempsmag.ma\/?p=18921"},"modified":"2022-11-15T10:28:29","modified_gmt":"2022-11-15T09:28:29","slug":"royal-air-maroc-et-lasmex-rehaussent-la-qualite-de-leur-partenariat","status":"publish","type":"post","link":"https:\/\/letempsmag.ma\/?p=18921","title":{"rendered":"Royal Air Maroc et l&#8217;ASMEX rehaussent la qualit\u00e9 de leur partenariat"},"content":{"rendered":"\n<p>Afin de permettre aux exportateurs marocains adh\u00e9rents de l\u2019ASMEX (Association Marocaine des Exportateurs) de b\u00e9n\u00e9ficier de tarifs pr\u00e9f\u00e9rentiels sur les prix du fret a\u00e9rien \u00e0 l\u2019exportation, vers diff\u00e9rentes destinations du transporteur a\u00e9rien national, Royal Air Maroc et l\u2019ASMEX ont sign\u00e9, hier \u00e0 Casablanca, une nouvelle convention pour le renforcement de leur coop\u00e9ration et de leurs synergies en mati\u00e8re d\u2019exportation. Un communiqu\u00e9 commun de la RAM et l&#8217;ASMEX pr\u00e9cise que ce partenariat vient consolider la convention d\u00e9j\u00e0 \u00e9tablie entre les deux parties en avril 2016 en offrant plus d\u2019avantages pour l\u2019acc\u00e8s aux services de fret de la compagnie.<\/p>\n\n\n\n<p>Pour mieux encourager le d\u00e9veloppement de nouvelles exportations, la RAM accordera des conditions pr\u00e9f\u00e9rentielles encore plus incitatives pour les primo-exportateurs adh\u00e9rents \u00e0 l\u2019ASMEX, et ce, pour une dur\u00e9e de 12 mois \u00e0 partir de leur premi\u00e8re exportation avec les services a\u00e9riens de la compagnie. La compagnie renforcera par ailleurs la qualit\u00e9 des services aux entreprises marocaines exportatrices en traitant leurs demandes avec c\u00e9l\u00e9rit\u00e9, selon des conditions favorables qui pourront encore \u00eatre optimis\u00e9es selon les march\u00e9s, la nature des exp\u00e9ditions et leur fr\u00e9quence.<\/p>\n\n\n\n<p>Cette convention de partenariat permet aussi aux entreprises membres de l\u2019ASMEX de b\u00e9n\u00e9ficier de contrats corporate englobant les services passagers et fret si leurs besoins le justifient, pr\u00e9cise le communiqu\u00e9 commun, notant que l\u2019ASMEX s\u2019engage pour sa part \u00e0 d\u00e9signer la RAM comme partenaire privil\u00e9gi\u00e9 et transporteur cargo exclusif. L\u2019ASMEX confiera ainsi \u00e0 la compagnie a\u00e9rienne nationale le fret de son mat\u00e9riel \u00e0 l\u2019occasion des Salons et Foires qu\u2019elle organise au Maroc et \u00e0 l\u2019\u00e9tranger. Elle mettra \u00e9galement en valeur la marque du transporteur national en tant que partenaire, lors des manifestations organis\u00e9es par l\u2019Association sur le th\u00e8me de la logistique, ainsi que sur ses supports de communication \u00e9v\u00e9nementiels et institutionnels.<\/p>\n\n\n\n<p>Le Pr\u00e9sident de Royal Air Maroc, Abdelhamid Addou a, d\u00e9clar\u00e9&nbsp;: \u00abNotre mission de pavillon marocain dans le domaine du transport a\u00e9rien nous incite \u00e0 d\u00e9ployer tous nos efforts pour contribuer au d\u00e9veloppement socio-\u00e9conomique du Maroc et de l\u2019Afrique gr\u00e2ce \u00e0 notre activit\u00e9 de fret et notre r\u00e9seau \u00e9tendu de 87 destinations \u00e0 travers le monde\u00bb. Pour sa part, le Pr\u00e9sident de l\u2019ASMEX, Hassan Sentissi El Idrissi, a soulign\u00e9&nbsp;: \u00abPar nos relations de proximit\u00e9 avec la compagnie nationale et cette convention renforc\u00e9e, qui offre aux exportateurs marocains des avantages concrets, l\u2019ASMEX poursuit sa mission de soutien aux entreprises du Royaume pour se d\u00e9velopper hors de nos fronti\u00e8res\u00bb.<\/p>\n\n\n\n<p><strong>L. F.<\/strong><\/p>\n","protected":false},"excerpt":{"rendered":"<p>Afin de permettre aux exportateurs marocains adh\u00e9rents de l\u2019ASMEX (Association Marocaine des Exportateurs) de b\u00e9n\u00e9ficier de tarifs pr\u00e9f\u00e9rentiels sur les prix du fret a\u00e9rien \u00e0 l\u2019exportation, vers diff\u00e9rentes destinations du transporteur a\u00e9rien national, Royal Air Maroc et l\u2019ASMEX ont sign\u00e9, hier \u00e0 Casablanca, une nouvelle convention pour le renforcement de leur coop\u00e9ration et de leurs &hellip;<\/p>\n","protected":false},"author":9,"featured_media":18922,"comment_status":"open","ping_status":"closed","sticky":false,"template":"","format":"standard","meta":{"footnotes":""},"categories":[53],"tags":[],"class_list":["post-18921","post","type-post","status-publish","format-standard","has-post-thumbnail","hentry","category-aerien"],"_links":{"self":[{"href":"https:\/\/letempsmag.ma\/index.php?rest_route=\/wp\/v2\/posts\/18921","targetHints":{"allow":["GET"]}}],"collection":[{"href":"https:\/\/letempsmag.ma\/index.php?rest_route=\/wp\/v2\/posts"}],"about":[{"href":"https:\/\/letempsmag.ma\/index.php?rest_route=\/wp\/v2\/types\/post"}],"author":[{"embeddable":true,"href":"https:\/\/letempsmag.ma\/index.php?rest_route=\/wp\/v2\/users\/9"}],"replies":[{"embeddable":true,"href":"https:\/\/letempsmag.ma\/index.php?rest_route=%2Fwp%2Fv2%2Fcomments&post=18921"}],"version-history":[{"count":1,"href":"https:\/\/letempsmag.ma\/index.php?rest_route=\/wp\/v2\/posts\/18921\/revisions"}],"predecessor-version":[{"id":18923,"href":"https:\/\/letempsmag.ma\/index.php?rest_route=\/wp\/v2\/posts\/18921\/revisions\/18923"}],"wp:featuredmedia":[{"embeddable":true,"href":"https:\/\/letempsmag.ma\/index.php?rest_route=\/wp\/v2\/media\/18922"}],"wp:attachment":[{"href":"https:\/\/letempsmag.ma\/index.php?rest_route=%2Fwp%2Fv2%2Fmedia&parent=18921"}],"wp:term":[{"taxonomy":"category","embeddable":true,"href":"https:\/\/letempsmag.ma\/index.php?rest_route=%2Fwp%2Fv2%2Fcategories&post=18921"},{"taxonomy":"post_tag","embeddable":true,"href":"https:\/\/letempsmag.ma\/index.php?rest_route=%2Fwp%2Fv2%2Ftags&post=18921"}],"curies":[{"name":"wp","href":"https:\/\/api.w.org\/{rel}","templated":true}]}}