{"id":18918,"date":"2022-11-15T10:27:38","date_gmt":"2022-11-15T09:27:38","guid":{"rendered":"https:\/\/letempsmag.ma\/?p=18918"},"modified":"2022-11-15T10:27:39","modified_gmt":"2022-11-15T09:27:39","slug":"lofppt-place-haut-la-barre-au-demarrage-de-la-cite-des-metiers-et-des-competences-de-laayoune","status":"publish","type":"post","link":"https:\/\/letempsmag.ma\/?p=18918","title":{"rendered":"L\u2019OFPPT place haut la barre au d\u00e9marrage de la Cit\u00e9 des M\u00e9tiers et des Comp\u00e9tences de La\u00e2youne"},"content":{"rendered":"\n<p>La Cit\u00e9 des M\u00e9tiers et des Comp\u00e9tences (CMC) de La\u00e2youne-Sakia El Hamra a ouvert ses portes aux jeunes stagiaires de la R\u00e9gion. Une date pleine de sens puisqu\u2019elle co\u00efncide avec le 47<sup>\u00e8me<\/sup> anniversaire de la Marche Verte et conforte l\u2019engagement de l\u2019Office de la Formation Professionnelle et de la Promotion du Travail (OFPPT) pour le d\u00e9veloppement et la cr\u00e9ation de valeur dans les provinces du Sud du Royaume.<\/p>\n\n\n\n<p>D\u2019une capacit\u00e9 globale de 2.000 places p\u00e9dagogiques\/an, la CMC de La\u00e2youne-Sakia El Hamra accueille d\u00e8s cette ann\u00e9e pas moins de 1.250 stagiaires dont 630 en formation dipl\u00f4mante (1<sup>\u00e8re<\/sup> ann\u00e9e) et 620 en formation qualifiante.<\/p>\n\n\n\n<p>Pour mieux r\u00e9pondre aux besoins \u00e9volutifs en comp\u00e9tences, li\u00e9s aux secteurs \u00e0 fort potentiel d\u2019emploi pour la r\u00e9gion, cette nouvelle CMC va apporter une offre de formation diversifi\u00e9e couvrant 46 fili\u00e8res, dont 70% nouvellement cr\u00e9\u00e9es. Construite sur un terrain de 6 hectares, la CMC comprend, en plus des structures communes et de la Maison des Stagiaires, 6 P\u00f4les M\u00e9tiers&nbsp;: un P\u00f4le Sant\u00e9 (dot\u00e9 d\u2019une Unit\u00e9 p\u00e9dagogique de soins), un P\u00f4le Transport et Logistique (dot\u00e9 d\u2019une plateforme logistique et de pistes de conduite), un P\u00f4le P\u00eache (\u00e9quip\u00e9 d\u2019une cha\u00eene de valorisation des produits de la p\u00eache), un P\u00f4le Gestion et Commerce (incluant une entreprise virtuelle), un P\u00f4le Artisanat et un P\u00f4le Digital.<\/p>\n\n\n\n<p>En pla\u00e7ant l\u2019apprenant au c\u0153ur de la d\u00e9marche d\u2019apprentissage, gr\u00e2ce \u00e0 un nouveau mod\u00e8le p\u00e9dagogique, la CMC de La\u00e2youne-Sakia El Hamra permet ainsi \u00e0 ses stagiaires de b\u00e9n\u00e9ficier de programmes de formation actualis\u00e9s, d\u2019un apprentissage ludique conjuguant le Learning by Doing aux Digital Tools, en plus d\u2019un mode de formation hybride associant l\u2019apprentissage \u00e0 distance et le pr\u00e9sentiel. En outre, le formateur se positionnera comme facilitateur, accompagnateur et catalyseur du travail collaboratif.<\/p>\n\n\n\n<p>\u00c0 pr\u00e9ciser qu\u2019une nouvelle architecture des programmes est mise en place, con\u00e7ue de mani\u00e8re \u00e0 privil\u00e9gier la polyvalence des profils, \u00e0 travers la cr\u00e9ation des troncs communs et le d\u00e9veloppement des programmes de formation suivant une logique permettant d\u2019abord l\u2019ancrage puis l\u2019initiation au m\u00e9tier et ensuite la sp\u00e9cialisation. Un renforcement des parcours est \u00e9galement pr\u00e9vu, par la g\u00e9n\u00e9ralisation du niveau qualification sur deux ans et le rajout d\u2019un semestre suppl\u00e9mentaire \u00e0 toutes les fili\u00e8res de la gestion et commerce. Quant aux passerelles sectorielles et intersectorielles, elles seront enrichies afin de mettre \u00e0 la disposition des stagiaires des opportunit\u00e9s pour la mont\u00e9e en comp\u00e9tences et leur offrir ainsi des perspectives d\u2019\u00e9volution plus \u00e9tendues.<\/p>\n\n\n\n<p><strong>LAIDIA FAHIM<\/strong><\/p>\n","protected":false},"excerpt":{"rendered":"<p>La Cit\u00e9 des M\u00e9tiers et des Comp\u00e9tences (CMC) de La\u00e2youne-Sakia El Hamra a ouvert ses portes aux jeunes stagiaires de la R\u00e9gion. Une date pleine de sens puisqu\u2019elle co\u00efncide avec le 47\u00e8me anniversaire de la Marche Verte et conforte l\u2019engagement de l\u2019Office de la Formation Professionnelle et de la Promotion du Travail (OFPPT) pour le &hellip;<\/p>\n","protected":false},"author":9,"featured_media":18919,"comment_status":"open","ping_status":"closed","sticky":false,"template":"","format":"standard","meta":{"footnotes":""},"categories":[37],"tags":[],"class_list":["post-18918","post","type-post","status-publish","format-standard","has-post-thumbnail","hentry","category-formation"],"_links":{"self":[{"href":"https:\/\/letempsmag.ma\/index.php?rest_route=\/wp\/v2\/posts\/18918","targetHints":{"allow":["GET"]}}],"collection":[{"href":"https:\/\/letempsmag.ma\/index.php?rest_route=\/wp\/v2\/posts"}],"about":[{"href":"https:\/\/letempsmag.ma\/index.php?rest_route=\/wp\/v2\/types\/post"}],"author":[{"embeddable":true,"href":"https:\/\/letempsmag.ma\/index.php?rest_route=\/wp\/v2\/users\/9"}],"replies":[{"embeddable":true,"href":"https:\/\/letempsmag.ma\/index.php?rest_route=%2Fwp%2Fv2%2Fcomments&post=18918"}],"version-history":[{"count":1,"href":"https:\/\/letempsmag.ma\/index.php?rest_route=\/wp\/v2\/posts\/18918\/revisions"}],"predecessor-version":[{"id":18920,"href":"https:\/\/letempsmag.ma\/index.php?rest_route=\/wp\/v2\/posts\/18918\/revisions\/18920"}],"wp:featuredmedia":[{"embeddable":true,"href":"https:\/\/letempsmag.ma\/index.php?rest_route=\/wp\/v2\/media\/18919"}],"wp:attachment":[{"href":"https:\/\/letempsmag.ma\/index.php?rest_route=%2Fwp%2Fv2%2Fmedia&parent=18918"}],"wp:term":[{"taxonomy":"category","embeddable":true,"href":"https:\/\/letempsmag.ma\/index.php?rest_route=%2Fwp%2Fv2%2Fcategories&post=18918"},{"taxonomy":"post_tag","embeddable":true,"href":"https:\/\/letempsmag.ma\/index.php?rest_route=%2Fwp%2Fv2%2Ftags&post=18918"}],"curies":[{"name":"wp","href":"https:\/\/api.w.org\/{rel}","templated":true}]}}