{"id":18915,"date":"2022-11-15T10:26:53","date_gmt":"2022-11-15T09:26:53","guid":{"rendered":"https:\/\/letempsmag.ma\/?p=18915"},"modified":"2022-11-15T10:26:55","modified_gmt":"2022-11-15T09:26:55","slug":"mohamed-nabil-benabdallah-rempile-a-la-tete-du-pps-pour-un-4eme-mandat","status":"publish","type":"post","link":"https:\/\/letempsmag.ma\/?p=18915","title":{"rendered":"Mohamed Nabil Benabdallah rempile \u00e0 la t\u00eate du PPS pour un 4\u00e8me mandat"},"content":{"rendered":"\n<p>Mohamed Nabil Benabdallah a \u00e9t\u00e9 r\u00e9\u00e9lu, samedi dernier lors d\u2019un meeting \u00e0 Bouznika, au poste de Secr\u00e9taire G\u00e9n\u00e9ral du Parti du Progr\u00e8s et du Socialisme (PPS) pour un quatri\u00e8me mandat. Son \u00e9lection a \u00e9t\u00e9 act\u00e9e au terme des travaux du 11<sup>\u00e8me<\/sup> congr\u00e8s national du parti, tenu sous le th\u00e8me \u00abL\u2019alternative d\u00e9mocratique progressiste\u00bb.<\/p>\n\n\n\n<p>La r\u00e9\u00e9lection de Mohamed Nabil Benabdallah \u00e0 la t\u00eate de cette formation politique est intervenue apr\u00e8s que 1.125 congressistes sur les 1.474 aient proc\u00e9d\u00e9 \u00e0 la signature d\u2019une liste appuyant sa re-candidature au poste de Secr\u00e9taire G\u00e9n\u00e9ral du PPS, aucun autre dirigeant n\u2019ayant pr\u00e9sent\u00e9 sa candidature \u00e0 ce poste.<\/p>\n\n\n\n<p>L\u2019int\u00e9ress\u00e9 a obtenu 415 voix des membres du Comit\u00e9 central (430 membres) issu du congr\u00e8s. Le Comit\u00e9 central et l\u2019instance \u00e0 qui incombe le vote pour l\u2019\u00e9lection du Secr\u00e9taire G\u00e9n\u00e9ral. Le vote s\u2019est d\u00e9roul\u00e9 de mani\u00e8re \u00e9lectronique.<\/p>\n\n\n\n<p>Rappelons que Mohamed Nabil Benabdallah avait \u00e9t\u00e9 \u00e9lu pour la premi\u00e8re fois Secr\u00e9taire G\u00e9n\u00e9ral du PPS lors du 8<sup>\u00e8me<\/sup> congr\u00e8s national de ce parti le 30 mai 2010. Il a \u00e9t\u00e9 r\u00e9\u00e9lu pour un second mandat lors du 9<sup>\u00e8me<\/sup> congr\u00e8s national le 2 juin 2014, avant de rempiler pour un troisi\u00e8me mandat lors du 10<sup>\u00e8me<\/sup> congr\u00e8s national tenu le 13 mai 2018.<\/p>\n\n\n\n<p><strong>C. A.<\/strong><\/p>\n","protected":false},"excerpt":{"rendered":"<p>Mohamed Nabil Benabdallah a \u00e9t\u00e9 r\u00e9\u00e9lu, samedi dernier lors d\u2019un meeting \u00e0 Bouznika, au poste de Secr\u00e9taire G\u00e9n\u00e9ral du Parti du Progr\u00e8s et du Socialisme (PPS) pour un quatri\u00e8me mandat. Son \u00e9lection a \u00e9t\u00e9 act\u00e9e au terme des travaux du 11\u00e8me congr\u00e8s national du parti, tenu sous le th\u00e8me \u00abL\u2019alternative d\u00e9mocratique progressiste\u00bb. La r\u00e9\u00e9lection de &hellip;<\/p>\n","protected":false},"author":9,"featured_media":18916,"comment_status":"open","ping_status":"closed","sticky":false,"template":"","format":"standard","meta":{"footnotes":""},"categories":[890],"tags":[],"class_list":["post-18915","post","type-post","status-publish","format-standard","has-post-thumbnail","hentry","category-partis"],"_links":{"self":[{"href":"https:\/\/letempsmag.ma\/index.php?rest_route=\/wp\/v2\/posts\/18915","targetHints":{"allow":["GET"]}}],"collection":[{"href":"https:\/\/letempsmag.ma\/index.php?rest_route=\/wp\/v2\/posts"}],"about":[{"href":"https:\/\/letempsmag.ma\/index.php?rest_route=\/wp\/v2\/types\/post"}],"author":[{"embeddable":true,"href":"https:\/\/letempsmag.ma\/index.php?rest_route=\/wp\/v2\/users\/9"}],"replies":[{"embeddable":true,"href":"https:\/\/letempsmag.ma\/index.php?rest_route=%2Fwp%2Fv2%2Fcomments&post=18915"}],"version-history":[{"count":1,"href":"https:\/\/letempsmag.ma\/index.php?rest_route=\/wp\/v2\/posts\/18915\/revisions"}],"predecessor-version":[{"id":18917,"href":"https:\/\/letempsmag.ma\/index.php?rest_route=\/wp\/v2\/posts\/18915\/revisions\/18917"}],"wp:featuredmedia":[{"embeddable":true,"href":"https:\/\/letempsmag.ma\/index.php?rest_route=\/wp\/v2\/media\/18916"}],"wp:attachment":[{"href":"https:\/\/letempsmag.ma\/index.php?rest_route=%2Fwp%2Fv2%2Fmedia&parent=18915"}],"wp:term":[{"taxonomy":"category","embeddable":true,"href":"https:\/\/letempsmag.ma\/index.php?rest_route=%2Fwp%2Fv2%2Fcategories&post=18915"},{"taxonomy":"post_tag","embeddable":true,"href":"https:\/\/letempsmag.ma\/index.php?rest_route=%2Fwp%2Fv2%2Ftags&post=18915"}],"curies":[{"name":"wp","href":"https:\/\/api.w.org\/{rel}","templated":true}]}}