{"id":18912,"date":"2022-11-15T10:26:09","date_gmt":"2022-11-15T09:26:09","guid":{"rendered":"https:\/\/letempsmag.ma\/?p=18912"},"modified":"2022-11-15T10:26:10","modified_gmt":"2022-11-15T09:26:10","slug":"les-lions-de-latlas-sechauffent-deja-a-doha","status":"publish","type":"post","link":"https:\/\/letempsmag.ma\/?p=18912","title":{"rendered":"Les Lions de l\u2019Atlas s\u2019\u00e9chauffent d\u00e9j\u00e0 \u00e0 Doha"},"content":{"rendered":"\n<p>La d\u00e9l\u00e9gation de la s\u00e9lection nationale de football est arriv\u00e9e, dimanche dernier dans la soir\u00e9e \u00e0 Doha, capitale du Qatar, pour y disputer la 22<sup>\u00e8me<\/sup> \u00e9dition de la Coupe du Monde de football, pr\u00e9vue du 20 novembre au 18 d\u00e9cembre prochain. \u00c0 son arriv\u00e9e, la d\u00e9l\u00e9gation a \u00e9t\u00e9 accueillie \u00e0 l\u2019a\u00e9roport international Hamad par l\u2019Ambassadeur du Maroc \u00e0 Doha, Mohamed Setri, et des membres de l\u2019ambassade du Royaume. Un public nombreux compos\u00e9 de membres de la communaut\u00e9 marocaine, s\u2019est rendu au lieu de la r\u00e9sidence des Lions de l\u2019Atlas pour les soutenir et les encourager dans cette comp\u00e9tition internationale.<\/p>\n\n\n\n<p>La d\u00e9l\u00e9gation de l\u2019\u00e9quipe nationale comprend 7 joueurs locaux, en l\u2019occurrence Ahmed Reda Tagnaouti, Yahya Attiatallah, Yahya Jabrane, Mounir El Kajoui, Selim Amallah, Jaouad El Yami et Azzedine Ounahi, auxquels se joindront 19 autres \u00e9l\u00e9ments qui toujours engag\u00e9s avec leurs clubs respectifs, indique-t-on aupr\u00e8s de la F\u00e9d\u00e9ration Royale Marocaine de Football (FRMF).<\/p>\n\n\n\n<p>La d\u00e9l\u00e9gation de l\u2019\u00e9quipe nationale est conduite par Abdelmalek Abroune, membre du Comit\u00e9 Directeur de la FRMF, qui repr\u00e9sente le Pr\u00e9sident de la FRMF, Fouzi Lekja\u00e2, chef de d\u00e9l\u00e9gation.<\/p>\n\n\n\n<p>Lors de la phase finale du Mondial 2022, les Lions de l\u2019Atlas \u00e9volueront dans le groupe \u00abF\u00bb aux c\u00f4t\u00e9s de la Belgique, de la Croatie et du Canada. En pr\u00e9paration de cet \u00e9v\u00e9nement plan\u00e9taire, la s\u00e9lection marocaine affrontera en match amical son homologue g\u00e9orgienne, jeudi prochain, \u00e0 Sharjah (\u00c9mirats Arabes Unis). Le match est pr\u00e9vu \u00e0 partir de 20h heure locale (17h heure marocaine).<\/p>\n\n\n\n<p>\u00c0 signaler que la s\u00e9lection marocaine a effectu\u00e9, hier soir, sa premi\u00e8re s\u00e9ance d&#8217;entrainement \u00e0 Doha, en pr\u00e9vision de sa participation \u00e0 la Coupe du monde. Cette s\u00e9ance d&#8217;entrainement, qui s&#8217;est d\u00e9roul\u00e9e au stade Abdallah Bin Khalifa, a \u00e9t\u00e9 marqu\u00e9e par la participation de la majorit\u00e9 des joueurs retenus, indique la FRMF, pr\u00e9cisant que les autres joueurs, engag\u00e9s avec leurs clubs respectifs, rejoindront les Lions de l&#8217;Atlas ult\u00e9rieurement. (Photo&nbsp;: 2M).<\/p>\n\n\n\n<p><strong>C. A.<\/strong><\/p>\n","protected":false},"excerpt":{"rendered":"<p>La d\u00e9l\u00e9gation de la s\u00e9lection nationale de football est arriv\u00e9e, dimanche dernier dans la soir\u00e9e \u00e0 Doha, capitale du Qatar, pour y disputer la 22\u00e8me \u00e9dition de la Coupe du Monde de football, pr\u00e9vue du 20 novembre au 18 d\u00e9cembre prochain. \u00c0 son arriv\u00e9e, la d\u00e9l\u00e9gation a \u00e9t\u00e9 accueillie \u00e0 l\u2019a\u00e9roport international Hamad par l\u2019Ambassadeur &hellip;<\/p>\n","protected":false},"author":9,"featured_media":18913,"comment_status":"open","ping_status":"closed","sticky":false,"template":"","format":"standard","meta":{"footnotes":""},"categories":[837],"tags":[],"class_list":["post-18912","post","type-post","status-publish","format-standard","has-post-thumbnail","hentry","category-mondial-qatar"],"_links":{"self":[{"href":"https:\/\/letempsmag.ma\/index.php?rest_route=\/wp\/v2\/posts\/18912","targetHints":{"allow":["GET"]}}],"collection":[{"href":"https:\/\/letempsmag.ma\/index.php?rest_route=\/wp\/v2\/posts"}],"about":[{"href":"https:\/\/letempsmag.ma\/index.php?rest_route=\/wp\/v2\/types\/post"}],"author":[{"embeddable":true,"href":"https:\/\/letempsmag.ma\/index.php?rest_route=\/wp\/v2\/users\/9"}],"replies":[{"embeddable":true,"href":"https:\/\/letempsmag.ma\/index.php?rest_route=%2Fwp%2Fv2%2Fcomments&post=18912"}],"version-history":[{"count":1,"href":"https:\/\/letempsmag.ma\/index.php?rest_route=\/wp\/v2\/posts\/18912\/revisions"}],"predecessor-version":[{"id":18914,"href":"https:\/\/letempsmag.ma\/index.php?rest_route=\/wp\/v2\/posts\/18912\/revisions\/18914"}],"wp:featuredmedia":[{"embeddable":true,"href":"https:\/\/letempsmag.ma\/index.php?rest_route=\/wp\/v2\/media\/18913"}],"wp:attachment":[{"href":"https:\/\/letempsmag.ma\/index.php?rest_route=%2Fwp%2Fv2%2Fmedia&parent=18912"}],"wp:term":[{"taxonomy":"category","embeddable":true,"href":"https:\/\/letempsmag.ma\/index.php?rest_route=%2Fwp%2Fv2%2Fcategories&post=18912"},{"taxonomy":"post_tag","embeddable":true,"href":"https:\/\/letempsmag.ma\/index.php?rest_route=%2Fwp%2Fv2%2Ftags&post=18912"}],"curies":[{"name":"wp","href":"https:\/\/api.w.org\/{rel}","templated":true}]}}