{"id":18909,"date":"2022-11-15T10:25:27","date_gmt":"2022-11-15T09:25:27","guid":{"rendered":"https:\/\/letempsmag.ma\/?p=18909"},"modified":"2022-11-15T10:25:29","modified_gmt":"2022-11-15T09:25:29","slug":"une-alliance-for-youth-pour-aider-30-000-jeunes-marocains-a-se-projeter-vers-lavenir","status":"publish","type":"post","link":"https:\/\/letempsmag.ma\/?p=18909","title":{"rendered":"Une \u00abAlliance for YOUth\u00bb pour aider 30.000 jeunes marocains \u00e0 se projeter vers l\u2019avenir"},"content":{"rendered":"\n<p>\u00c0 l&#8217;occasion de la Journ\u00e9e Africaine de la Jeunesse, qui a lieu le 1<sup>er<\/sup> novembre courant, les partenaires de l\u2019\u00abAlliance for YOUth\u00bb au Maroc se sont engag\u00e9s \u00e0 produire un impact positif pour 30.000 jeunes marocains \u00e0 l\u2019horizon 2025, en les aidant \u00e0 am\u00e9liorer leurs comp\u00e9tences professionnelles et \u00e0 r\u00e9ussir leur carri\u00e8re professionnelle au Maroc o\u00f9 le taux de ch\u00f4mage des jeunes dipl\u00f4m\u00e9s est sup\u00e9rieur \u00e0 60%<a href=\"https:\/\/www.hcp.ma\/Note-d-information-a-l-occasion-de-la-journee-internationale-de-la-jeunesse-du-12-aout-2022_a3563.html\">.<\/a> Cet engagement a \u00e9t\u00e9 paraph\u00e9 par les partenaires locaux de l\u2019\u00abAlliance for YOUth\u00bb, notamment Nestl\u00e9, L&#8217;Or\u00e9al, Syngenta, Intelcia, Publicis, Equatorial Coca-Cola BottlingCompany, Geodis, SGS, Roche, STMicroelectronics, Capgemini et Nielsen.<\/p>\n\n\n\n<p>\u00abNous appelons davantage de partenaires \u00e0 rejoindre l\u2019\u00abAlliance for YOUth\u00bb au Maroc, car le partage d\u2019id\u00e9es et la mobilisation d&#8217;entreprises est le meilleur moyen de soutenir les jeunes dans leur carri\u00e8re professionnelle. Les jeunes sont, rappelons-le, des agents-cl\u00e9s du changement social, de la croissance \u00e9conomique et du d\u00e9veloppement durable au Maroc, mais aussi partout ailleurs\u00bb, a d\u00e9clar\u00e9 Imane Zaoui, Directrice G\u00e9n\u00e9rale de Nestl\u00e9 Maroc.<\/p>\n\n\n\n<p>De son c\u00f4t\u00e9, le Pr Anass Kettani, Vice-Pr\u00e9sident de l&#8217;Universit\u00e9 Hassan II de Casablanca charg\u00e9 de l&#8217;inclusion, de l&#8217;entrepreneuriat et du partenariat, a soulign\u00e9&nbsp;: \u00abJe suis tr\u00e8s heureux de me joindre \u00e0 des responsables des ressources humaines de multinationales dans le cadre de l\u2019initiative \u00abAlliance for YOUth\u00bb, en vue d\u2019aider les jeunes dipl\u00f4m\u00e9s \u00e0 surmonter toutes les difficult\u00e9s qui pourraient jalonner leur parcours professionnel\u00bb. Et d\u2019ajouter que \u00abl&#8217;Universit\u00e9 Hassan II de Casablanca se r\u00e9jouit d\u2019apporter sa contribution \u00e0 l\u2019Alliance car la collaboration entre les \u00e9tablissements d&#8217;enseignement et les entreprises est vitale\u00bb.<\/p>\n\n\n\n<p>Pour sa part, Hicham Zouanat, Directeur des Ressources humaines, de la Communication, des Affaires g\u00e9n\u00e9rales et du D\u00e9veloppement durable de la North Africa Bottling Company, a rappel\u00e9 qu\u2019\u00abil est clair que les stages et les programmes d&#8217;alternance constituent les meilleures protections contre le ch\u00f4mage des jeunes\u00bb.<\/p>\n\n\n\n<p>S\u2019exprimant \u00e0 son tour, Claudia Thumm, responsable des Ressources Humaines de Nestl\u00e9 pour la zone Asie, l\u2019Oc\u00e9anie et l&#8217;Afrique de Nestl\u00e9, a d\u00e9clar\u00e9 que \u00abl&#8217;Alliance vise \u00e0 la fois \u00e0 favoriser l&#8217;employabilit\u00e9 des jeunes et \u00e0 enrichir les viviers de talents locaux pour les entreprises membres. Notre ambition chez Nestl\u00e9 est d&#8217;aider 10 millions de jeunes dans le monde \u00e0 acc\u00e9der \u00e0 de meilleures opportunit\u00e9s \u00e9conomiques \u00e0 l\u2019horizon 2030, et notamment en Afrique o\u00f9 le potentiel des jeunes est immense et se doit d\u2019\u00eatre davantage d\u00e9bloqu\u00e9\u00bb.<\/p>\n\n\n\n<p>Les partenaires de l\u2019\u00abAlliance for YOUth\u00bb au Maroc conjugueront leurs efforts en vue d\u2019offrir aux jeunes des stages et des apprentissages de qualit\u00e9. Ils proposeront \u00e0 ces jeunes la possibilit\u00e9 de prendre part \u00e0 des programmes de pr\u00e9paration au travail, et notamment \u00e0 des consultations sur leurs orientations de carri\u00e8res, sur la pr\u00e9sentation de leur CV et sur les simulations d&#8217;entretiens, le tout en \u00e9troite coordination avec des \u00e9tablissements d&#8217;enseignement et des organismes de jeunesse. Les entreprises int\u00e9ress\u00e9es sont invit\u00e9es \u00e0 rejoindre l\u2019\u00abAlliance for YOUth\u00bb et \u00e0 ouvrir leurs portes aux jeunes pour des stages, des formations professionnelles et des conseils d&#8217;orientation professionnelle. Les entreprises int\u00e9ress\u00e9es peuvent envoyer un courriel, dans ce sens \u00e0 l\u2019adresse \u00aballiance4youth@ma.nestle.com\u00bb.<\/p>\n","protected":false},"excerpt":{"rendered":"<p>\u00c0 l&#8217;occasion de la Journ\u00e9e Africaine de la Jeunesse, qui a lieu le 1er novembre courant, les partenaires de l\u2019\u00abAlliance for YOUth\u00bb au Maroc se sont engag\u00e9s \u00e0 produire un impact positif pour 30.000 jeunes marocains \u00e0 l\u2019horizon 2025, en les aidant \u00e0 am\u00e9liorer leurs comp\u00e9tences professionnelles et \u00e0 r\u00e9ussir leur carri\u00e8re professionnelle au Maroc &hellip;<\/p>\n","protected":false},"author":9,"featured_media":18910,"comment_status":"open","ping_status":"closed","sticky":false,"template":"","format":"standard","meta":{"footnotes":""},"categories":[227],"tags":[],"class_list":["post-18909","post","type-post","status-publish","format-standard","has-post-thumbnail","hentry","category-inclusion"],"_links":{"self":[{"href":"https:\/\/letempsmag.ma\/index.php?rest_route=\/wp\/v2\/posts\/18909","targetHints":{"allow":["GET"]}}],"collection":[{"href":"https:\/\/letempsmag.ma\/index.php?rest_route=\/wp\/v2\/posts"}],"about":[{"href":"https:\/\/letempsmag.ma\/index.php?rest_route=\/wp\/v2\/types\/post"}],"author":[{"embeddable":true,"href":"https:\/\/letempsmag.ma\/index.php?rest_route=\/wp\/v2\/users\/9"}],"replies":[{"embeddable":true,"href":"https:\/\/letempsmag.ma\/index.php?rest_route=%2Fwp%2Fv2%2Fcomments&post=18909"}],"version-history":[{"count":1,"href":"https:\/\/letempsmag.ma\/index.php?rest_route=\/wp\/v2\/posts\/18909\/revisions"}],"predecessor-version":[{"id":18911,"href":"https:\/\/letempsmag.ma\/index.php?rest_route=\/wp\/v2\/posts\/18909\/revisions\/18911"}],"wp:featuredmedia":[{"embeddable":true,"href":"https:\/\/letempsmag.ma\/index.php?rest_route=\/wp\/v2\/media\/18910"}],"wp:attachment":[{"href":"https:\/\/letempsmag.ma\/index.php?rest_route=%2Fwp%2Fv2%2Fmedia&parent=18909"}],"wp:term":[{"taxonomy":"category","embeddable":true,"href":"https:\/\/letempsmag.ma\/index.php?rest_route=%2Fwp%2Fv2%2Fcategories&post=18909"},{"taxonomy":"post_tag","embeddable":true,"href":"https:\/\/letempsmag.ma\/index.php?rest_route=%2Fwp%2Fv2%2Ftags&post=18909"}],"curies":[{"name":"wp","href":"https:\/\/api.w.org\/{rel}","templated":true}]}}