{"id":18903,"date":"2022-11-15T10:23:43","date_gmt":"2022-11-15T09:23:43","guid":{"rendered":"https:\/\/letempsmag.ma\/?p=18903"},"modified":"2022-11-15T10:23:45","modified_gmt":"2022-11-15T09:23:45","slug":"visa-for-music-revient-plus-eclectique-encore","status":"publish","type":"post","link":"https:\/\/letempsmag.ma\/?p=18903","title":{"rendered":"Visa For Music revient plus \u00e9clectique encore"},"content":{"rendered":"\n<p>Le festival Visa For Music 2022 se tient \u00e0 Rabat demain 16 novembre jusqu\u2019au 19 courant. Un happening musical et un march\u00e9 professionnel d\u00e9di\u00e9 aux musiques d\u2019Afrique et du Moyen-Orient.<\/p>\n\n\n\n<p>La soir\u00e9e d\u2019ouverture commencera le mercredi 16 novembre \u00e0 partir de 18h au Th\u00e9\u00e2tre National Mohammed V avec le discours d\u2019ouverture et trois concerts&nbsp;: Fanie Fayar (une belle voix venue directement du fleuve Congo, m\u00e9daill\u00e9e d\u2019or de la chanson aux 8<sup>\u00e8mes<\/sup> Jeux de la Francophonie \u00e0 Abidjan en 2017) Rachid alias Demi Portion (artiste talentueux, d\u00e9fenseur d\u2019un hip-hop de partage et de transmission) et Farid Ghannam (musicien confirm\u00e9 qui sera accompagn\u00e9 du groupe The Cosmic Carnival).<\/p>\n\n\n\n<p>En parall\u00e8le aux concerts, un programme \u00abLe Forum\u00bb sera d\u00e9clin\u00e9 sur divers ateliers. L\u2019Expostand se d\u00e9roulera ainsi du 17 au 19 novembre, de 10h \u00e0 17h, au Palais Tazi. Plusieurs exposants et professionnels de la musique seront pr\u00e9sents toute la journ\u00e9e pour pr\u00e9senter leurs projets et d\u00e9velopper des collaborations. Le renforcement des capacit\u00e9s \u00e9tant un des objectifs de l\u2019\u00e9v\u00e9nement, des espaces \u00e0 th\u00e8mes seront am\u00e9nag\u00e9s. Un Workshop Ing\u00e9nierie du Son (en partenariat avec l\u2019Organisation Internationale de la Francophonie), se tiendra en deux parties&nbsp;: le 17 novembre de 10h \u00e0 11h30 au Cin\u00e9ma Renaissance et le 18 novembre au Studio Hiba. Un Workshop Mobilit\u00e9 se d\u00e9roulera le 18 Novembre de 10h \u00e0 12h \u00e0 l&#8217;H\u00f4tel Onomo. Un Workshop Bilan de Positionnement aura lieu en partenariat avec Trempo, en deux parties au Centre National des Droits de l\u2019Homme&nbsp;: le 17 novembre de 14h \u00e0 16h et le 19 novembre de 14h \u00e0 16h.<\/p>\n\n\n\n<p><strong>M. E.<\/strong><\/p>\n","protected":false},"excerpt":{"rendered":"<p>Le festival Visa For Music 2022 se tient \u00e0 Rabat demain 16 novembre jusqu\u2019au 19 courant. Un happening musical et un march\u00e9 professionnel d\u00e9di\u00e9 aux musiques d\u2019Afrique et du Moyen-Orient. La soir\u00e9e d\u2019ouverture commencera le mercredi 16 novembre \u00e0 partir de 18h au Th\u00e9\u00e2tre National Mohammed V avec le discours d\u2019ouverture et trois concerts&nbsp;: Fanie &hellip;<\/p>\n","protected":false},"author":9,"featured_media":18904,"comment_status":"open","ping_status":"closed","sticky":false,"template":"","format":"standard","meta":{"footnotes":""},"categories":[889],"tags":[],"class_list":["post-18903","post","type-post","status-publish","format-standard","has-post-thumbnail","hentry","category-festival"],"_links":{"self":[{"href":"https:\/\/letempsmag.ma\/index.php?rest_route=\/wp\/v2\/posts\/18903","targetHints":{"allow":["GET"]}}],"collection":[{"href":"https:\/\/letempsmag.ma\/index.php?rest_route=\/wp\/v2\/posts"}],"about":[{"href":"https:\/\/letempsmag.ma\/index.php?rest_route=\/wp\/v2\/types\/post"}],"author":[{"embeddable":true,"href":"https:\/\/letempsmag.ma\/index.php?rest_route=\/wp\/v2\/users\/9"}],"replies":[{"embeddable":true,"href":"https:\/\/letempsmag.ma\/index.php?rest_route=%2Fwp%2Fv2%2Fcomments&post=18903"}],"version-history":[{"count":1,"href":"https:\/\/letempsmag.ma\/index.php?rest_route=\/wp\/v2\/posts\/18903\/revisions"}],"predecessor-version":[{"id":18905,"href":"https:\/\/letempsmag.ma\/index.php?rest_route=\/wp\/v2\/posts\/18903\/revisions\/18905"}],"wp:featuredmedia":[{"embeddable":true,"href":"https:\/\/letempsmag.ma\/index.php?rest_route=\/wp\/v2\/media\/18904"}],"wp:attachment":[{"href":"https:\/\/letempsmag.ma\/index.php?rest_route=%2Fwp%2Fv2%2Fmedia&parent=18903"}],"wp:term":[{"taxonomy":"category","embeddable":true,"href":"https:\/\/letempsmag.ma\/index.php?rest_route=%2Fwp%2Fv2%2Fcategories&post=18903"},{"taxonomy":"post_tag","embeddable":true,"href":"https:\/\/letempsmag.ma\/index.php?rest_route=%2Fwp%2Fv2%2Ftags&post=18903"}],"curies":[{"name":"wp","href":"https:\/\/api.w.org\/{rel}","templated":true}]}}