{"id":18896,"date":"2022-11-14T10:34:22","date_gmt":"2022-11-14T09:34:22","guid":{"rendered":"https:\/\/letempsmag.ma\/?p=18896"},"modified":"2022-11-14T10:34:23","modified_gmt":"2022-11-14T09:34:23","slug":"attentat-distanbul-ce-que-lon-sait-sur-les-deux-touristes-marocaines-blessees","status":"publish","type":"post","link":"https:\/\/letempsmag.ma\/?p=18896","title":{"rendered":"Attentat d&#8217;Istanbul\u00a0: ce que l\u2019on sait sur les deux touristes marocaines bless\u00e9es"},"content":{"rendered":"\n<p>Deux touristes marocaines figurent parmi les personnes bless\u00e9es dans l&#8217;attentat survenu hier dimanche, sur l\u2019avenue Istiklal, dans le quartier Taksim, en plein centre d\u2019Istanbul. C\u2019est ce qu\u2019indique le Consulat g\u00e9n\u00e9ral du Maroc \u00e0 Istanbul; information relay\u00e9e dans la nuit par l\u2019agence MAP.<\/p>\n\n\n\n<p>Aussit\u00f4t inform\u00e9s, les services consulaires se sont rendus au chevet des deux ressortissantes marocaines, indique un communiqu\u00e9 de la repr\u00e9sentation consulaire, pr\u00e9cisant que la premi\u00e8re victime, qui souffre de fractures au niveau des pieds, est op\u00e9r\u00e9e dans un h\u00f4pital local, tandis que la blessure de la deuxi\u00e8me n\u2019exige pas son hospitalisation.<\/p>\n\n\n\n<p>Le Consulat annonce suivre en continu la situation des Marocains pr\u00e9sents \u00e0 Istanbul pour prendre les mesures qui s\u2019imposent. Suite \u00e0 cette explosion, le Consulat affirme avoir mobilis\u00e9 l\u2019ensemble de son personnel et avoir pris contact avec les autorit\u00e9s turques comp\u00e9tentes, en vue d&#8217;assurer le suivi de la situation et l\u2019accompagnement des Marocains \u00e0 Istanbul.<\/p>\n\n\n\n<p>Une cellule de crise a \u00e9t\u00e9 mise en place, joignable aux num\u00e9ros \u00ab+905352067735\u00bb (t\u00e9l\u00e9phone et WhatsApp) depuis la Turquie et sur \u00ab0537676350\u00bb, \u00ab0537676353\u00bb et \u00ab0537676251\u00bb depuis le Maroc, pr\u00e9cise la m\u00eame source.<\/p>\n\n\n\n<p>Le Consulat appelle \u00e9galement les ressortissants marocains \u00e0 Istanbul \u00e0 faire preuve de la plus grande vigilance et \u00e0 se conformer aux instructions des autorit\u00e9s turques.<\/p>\n\n\n\n<p>L\u2019attentat, qui a vis\u00e9 le c\u0153ur battant d&#8217;Istanbul, principale ville et capitale \u00e9conomique de la Turquie, a fait au moins 6 morts et des dizaines de bless\u00e9s dans l&#8217;art\u00e8re commer\u00e7ante tr\u00e8s fr\u00e9quent\u00e9e d&#8217;Istiklal, selon un bilan des autorit\u00e9s turques.<\/p>\n\n\n\n<p>Source&nbsp;: MAP<\/p>\n","protected":false},"excerpt":{"rendered":"<p>Deux touristes marocaines figurent parmi les personnes bless\u00e9es dans l&#8217;attentat survenu hier dimanche, sur l\u2019avenue Istiklal, dans le quartier Taksim, en plein centre d\u2019Istanbul. C\u2019est ce qu\u2019indique le Consulat g\u00e9n\u00e9ral du Maroc \u00e0 Istanbul; information relay\u00e9e dans la nuit par l\u2019agence MAP. Aussit\u00f4t inform\u00e9s, les services consulaires se sont rendus au chevet des deux ressortissantes &hellip;<\/p>\n","protected":false},"author":9,"featured_media":18897,"comment_status":"open","ping_status":"closed","sticky":false,"template":"","format":"standard","meta":{"footnotes":""},"categories":[395],"tags":[],"class_list":["post-18896","post","type-post","status-publish","format-standard","has-post-thumbnail","hentry","category-terrorisme"],"_links":{"self":[{"href":"https:\/\/letempsmag.ma\/index.php?rest_route=\/wp\/v2\/posts\/18896","targetHints":{"allow":["GET"]}}],"collection":[{"href":"https:\/\/letempsmag.ma\/index.php?rest_route=\/wp\/v2\/posts"}],"about":[{"href":"https:\/\/letempsmag.ma\/index.php?rest_route=\/wp\/v2\/types\/post"}],"author":[{"embeddable":true,"href":"https:\/\/letempsmag.ma\/index.php?rest_route=\/wp\/v2\/users\/9"}],"replies":[{"embeddable":true,"href":"https:\/\/letempsmag.ma\/index.php?rest_route=%2Fwp%2Fv2%2Fcomments&post=18896"}],"version-history":[{"count":1,"href":"https:\/\/letempsmag.ma\/index.php?rest_route=\/wp\/v2\/posts\/18896\/revisions"}],"predecessor-version":[{"id":18898,"href":"https:\/\/letempsmag.ma\/index.php?rest_route=\/wp\/v2\/posts\/18896\/revisions\/18898"}],"wp:featuredmedia":[{"embeddable":true,"href":"https:\/\/letempsmag.ma\/index.php?rest_route=\/wp\/v2\/media\/18897"}],"wp:attachment":[{"href":"https:\/\/letempsmag.ma\/index.php?rest_route=%2Fwp%2Fv2%2Fmedia&parent=18896"}],"wp:term":[{"taxonomy":"category","embeddable":true,"href":"https:\/\/letempsmag.ma\/index.php?rest_route=%2Fwp%2Fv2%2Fcategories&post=18896"},{"taxonomy":"post_tag","embeddable":true,"href":"https:\/\/letempsmag.ma\/index.php?rest_route=%2Fwp%2Fv2%2Ftags&post=18896"}],"curies":[{"name":"wp","href":"https:\/\/api.w.org\/{rel}","templated":true}]}}