{"id":18883,"date":"2022-11-14T10:30:15","date_gmt":"2022-11-14T09:30:15","guid":{"rendered":"https:\/\/letempsmag.ma\/?p=18883"},"modified":"2022-11-14T10:30:17","modified_gmt":"2022-11-14T09:30:17","slug":"sante-lafrique-en-pole-position","status":"publish","type":"post","link":"https:\/\/letempsmag.ma\/?p=18883","title":{"rendered":"Sant\u00e9\u00a0: l\u2019Afrique en pole-position"},"content":{"rendered":"\n<p><strong>Par Dr IMANE KENDILI<\/strong><\/p>\n\n\n\n<p><strong>Psychiatre et \u00e9crivaine<\/strong><\/p>\n\n\n\n<p>De l\u2019avis de tout un continent, les actions et initiatives du Royaume du Maroc en Afrique sont le r\u00e9sultat \u00e9vident d\u2019une vision politique bien pens\u00e9e, s\u00e9rieusement r\u00e9fl\u00e9chie et con\u00e7ue avec raison, humanisme et pragmatisme par le Roi du Maroc, Sa Majest\u00e9 Mohammed VI, qui a, depuis son intronisation il y a 23 ans, amorc\u00e9 une nouvelle approche g\u00e9opolitique et g\u00e9ostrat\u00e9gique, dans une \u00e9quation de partenariat Sud-Sud. Le Souverain m\u00e8ne ce partenariat avec de grands succ\u00e8s, avec plus de 50 voyages dans diff\u00e9rentes r\u00e9gions de l\u2019Afrique, des d\u00e9placements tous couronn\u00e9s par la signatures de centaines de conventions et d\u2019accords qui placent aujourd\u2019hui le Maroc comme l\u2019un des piliers de l\u2019Afrique, un v\u00e9ritable leader r\u00e9gional qui \u0153uvre pour le progr\u00e8s et l\u2019essor de cette Afrique si riche en potentiels, si diversifi\u00e9e, si ancr\u00e9e dans son Histoire avec une r\u00e9elle volont\u00e9 de devenir un v\u00e9ritable p\u00f4le \u00e9conomique mondial. Toute cette politique visionnaire et \u00e9clair\u00e9e se r\u00e9percute \u00e9galement et de mani\u00e8re efficiente dans les domaines de la sant\u00e9 publique, dans lesquels le Maroc joue un r\u00f4le de premier ordre non seulement en Afrique de l\u2019Ouest, mais aussi en Afrique de l\u2019Est, dans le Maghreb et dans le Sahel avec une v\u00e9ritable pr\u00e9sence, avec des projets sanitaires novateurs, avec la construction d\u2019h\u00f4pitaux, de cliniques, d\u2019unit\u00e9s de soins, la formation de m\u00e9decins dans diff\u00e9rentes disciplines mettant \u00e0 profit toute l\u2019expertise marocaine et toute la ma\u00eetrise de notre m\u00e9decine. Celle-ci, soulignons-le, peut se targuer d\u2019avoir r\u00e9alis\u00e9 des avanc\u00e9es consid\u00e9rables dans tous les domaines avec des m\u00e9decins de premier ordre, des chirurgiens mondialement connus, des professeurs de grande envergure qui prennent \u00e0 c\u0153ur de transmettre le flambeau dans les pays africains fr\u00e8res. Le tout, sous-tendu par des campagnes de soins m\u00e9dicaux dans plusieurs pays africains, initi\u00e9es par Sa Majest\u00e9 le Roi, avec des initiatives uniques de dons de m\u00e9dicaments et d\u2019\u00e9quipements m\u00e9dicaux, sans oublier toutes les actions men\u00e9es par le Maroc sous les hautes directives du Souverain pour aider nos fr\u00e8res africains durant la pand\u00e9mie du \u00abCovid-19\u00bb. Le contexte sanitaire a montr\u00e9 \u00e0 quel point la coop\u00e9ration entre les Africains est cruciale par temps de graves crises sanitaires et humanitaires puisque ni l\u2019Europe ni le reste du monde n\u2019ont apport\u00e9 tout le soutien que l\u2019on attendait d\u2019eux pour aider les populations africaines les plus d\u00e9favoris\u00e9es. En revanche, sur ce registre, le Maroc, comme d\u2019habitude quand il s\u2019agit d\u2019actions humanitaires, a pris les devants et a donn\u00e9 corps \u00e0 des ponts a\u00e9riens d\u2019approvisionnements pour aider les malades en Afrique, allant jusqu\u2019\u00e0 cr\u00e9er des h\u00f4pitaux de campagne pour limiter les d\u00e9g\u00e2ts aux tous premiers jours de la pand\u00e9mie. Sans oublier les vaccins et le suivi m\u00e9dical en flux tendu pour plus d\u2019efficacit\u00e9 et de r\u00e9sultats.<\/p>\n\n\n\n<p>Cette vision Royale part d\u2019une conviction qui ne souffre aucune ombre&nbsp;: l\u2019Afrique, le continent qui a vu na\u00eetre les Humains, incarne aujourd\u2019hui leur avenir. Riche \u00e0 tous points de vue, avec un potentiel humain extraordinaire, l\u2019Afrique est l\u2019avenir certain de l\u2019humanit\u00e9, dans un monde de plus en plus cliv\u00e9 et conflictuel. (Photo&nbsp;: Hespress).<\/p>\n","protected":false},"excerpt":{"rendered":"<p>Par Dr IMANE KENDILI Psychiatre et \u00e9crivaine De l\u2019avis de tout un continent, les actions et initiatives du Royaume du Maroc en Afrique sont le r\u00e9sultat \u00e9vident d\u2019une vision politique bien pens\u00e9e, s\u00e9rieusement r\u00e9fl\u00e9chie et con\u00e7ue avec raison, humanisme et pragmatisme par le Roi du Maroc, Sa Majest\u00e9 Mohammed VI, qui a, depuis son intronisation &hellip;<\/p>\n","protected":false},"author":9,"featured_media":18885,"comment_status":"open","ping_status":"closed","sticky":false,"template":"","format":"standard","meta":{"footnotes":""},"categories":[188],"tags":[],"class_list":["post-18883","post","type-post","status-publish","format-standard","has-post-thumbnail","hentry","category-chronique"],"_links":{"self":[{"href":"https:\/\/letempsmag.ma\/index.php?rest_route=\/wp\/v2\/posts\/18883","targetHints":{"allow":["GET"]}}],"collection":[{"href":"https:\/\/letempsmag.ma\/index.php?rest_route=\/wp\/v2\/posts"}],"about":[{"href":"https:\/\/letempsmag.ma\/index.php?rest_route=\/wp\/v2\/types\/post"}],"author":[{"embeddable":true,"href":"https:\/\/letempsmag.ma\/index.php?rest_route=\/wp\/v2\/users\/9"}],"replies":[{"embeddable":true,"href":"https:\/\/letempsmag.ma\/index.php?rest_route=%2Fwp%2Fv2%2Fcomments&post=18883"}],"version-history":[{"count":1,"href":"https:\/\/letempsmag.ma\/index.php?rest_route=\/wp\/v2\/posts\/18883\/revisions"}],"predecessor-version":[{"id":18886,"href":"https:\/\/letempsmag.ma\/index.php?rest_route=\/wp\/v2\/posts\/18883\/revisions\/18886"}],"wp:featuredmedia":[{"embeddable":true,"href":"https:\/\/letempsmag.ma\/index.php?rest_route=\/wp\/v2\/media\/18885"}],"wp:attachment":[{"href":"https:\/\/letempsmag.ma\/index.php?rest_route=%2Fwp%2Fv2%2Fmedia&parent=18883"}],"wp:term":[{"taxonomy":"category","embeddable":true,"href":"https:\/\/letempsmag.ma\/index.php?rest_route=%2Fwp%2Fv2%2Fcategories&post=18883"},{"taxonomy":"post_tag","embeddable":true,"href":"https:\/\/letempsmag.ma\/index.php?rest_route=%2Fwp%2Fv2%2Ftags&post=18883"}],"curies":[{"name":"wp","href":"https:\/\/api.w.org\/{rel}","templated":true}]}}