{"id":18770,"date":"2022-11-09T11:50:18","date_gmt":"2022-11-09T10:50:18","guid":{"rendered":"https:\/\/letempsmag.ma\/?p=18770"},"modified":"2022-11-09T11:50:21","modified_gmt":"2022-11-09T10:50:21","slug":"le-maroc-se-penche-deja-sur-les-preparatifs-des-assemblees-de-la-banque-mondiale-et-du-fmi","status":"publish","type":"post","link":"https:\/\/letempsmag.ma\/?p=18770","title":{"rendered":"Le Maroc se penche d\u00e9j\u00e0 sur les pr\u00e9paratifs des assembl\u00e9es de la Banque Mondiale et du FMI"},"content":{"rendered":"\n<p>Le Chef du gouvernement, Aziz Akhannouch, a pr\u00e9sid\u00e9 hier \u00e0 R&nbsp;&nbsp;&nbsp;&nbsp; abat une r\u00e9union consacr\u00e9e \u00e0 l&#8217;examen de l&#8217;\u00e9tat d&#8217;avancement des pr\u00e9paratifs pour la tenue des assembl\u00e9es annuelles du groupe Banque Mondiale et du Fonds Mon\u00e9taire International (FMI), pr\u00e9vues \u00e0 Marrakech en octobre 2023. Deux \u00e9v\u00e9nements plan\u00e9taires qui devraient conna\u00eetre la participation de 14.000 personnes de 189 pays membres de ces deux institutions internationales. La r\u00e9union pr\u00e9paratoire sera suivie d&#8217;une s\u00e9rie de rencontres visant \u00e0 assurer la r\u00e9ussite de cette manifestation gigantesque qui organis\u00e9e, pour la premi\u00e8re fois depuis 50 ans, sur le continent africain.<\/p>\n\n\n\n<p>La r\u00e9union a permis de passer en revue les \u00e9tapes franchies dans le cadre des pr\u00e9paratifs pour la tenue de cet \u00e9v\u00e9nement au Maroc, ainsi que son plan de communication. La rencontre s&#8217;est d\u00e9roul\u00e9e en pr\u00e9sence du Ministre de l&#8217;Int\u00e9rieur, Abdelouafi Laftit; du Ministre des Affaires \u00c9trang\u00e8res, de la Coop\u00e9ration africaine et des Marocains r\u00e9sidant \u00e0 l\u2019\u00e9tranger, Nasser Bourita; de la Ministre de l&#8217;\u00c9conomie et des Finances, Nadia Fettah; du Ministre de la Sant\u00e9 et de la Protection sociale, Khaled A\u00eft Taleb; du Ministre des Transports et de la Logistique, Mohammed Abdeljalil; du Ministre d\u00e9l\u00e9gu\u00e9 aupr\u00e8s du Chef du gouvernement charg\u00e9 de l\u2019Investissement, de la Convergence et de l\u2019\u00c9valuation des Politiques publiques, Mohcine Jazouli; du Ministre d\u00e9l\u00e9gu\u00e9 aupr\u00e8s du ministre de l&#8217;\u00c9conomie et des Finances charg\u00e9 du Budget, Fouzi Lekja\u00e2.<\/p>\n\n\n\n<p>Ont \u00e9galement pris part \u00e0 cette r\u00e9union, le Gouverneur de Bank Al Maghrib, Abdellatif Jouahri; le Secr\u00e9taire G\u00e9n\u00e9ral du minist\u00e8re de l&#8217;\u00c9conomie et des Finances, Nabil Lakhdar; la Directrice du Tr\u00e9sor et des Finances Ext\u00e9rieures au minist\u00e8re de l&#8217;\u00c9conomie et des Finances, Fouzia Zaaboul; et le Directeur des Affaires administratives et g\u00e9n\u00e9rales au minist\u00e8re de l&#8217;\u00c9conomie et des Finances, Mohamed Al Kharmoudi.<\/p>\n\n\n\n<p>Les assembl\u00e9es annuelles de groupe Banque Mondiale et du Fonds Mon\u00e9taire International se tiennent g\u00e9n\u00e9ralement pendant deux ann\u00e9es cons\u00e9cutives au si\u00e8ge du groupe de la Banque Mondiale et du Fonds Mon\u00e9taire International (\u00e0 Washington DC) et la troisi\u00e8me ann\u00e9e dans l&#8217;un des pays membres.<\/p>\n\n\n\n<p>Rappelons qu\u2019Aziz Akhannouch a rencontr\u00e9, la semaine derni\u00e8re, des repr\u00e9sentants de la Banque Mondiale et du Fonds Mon\u00e9taire International, \u00e0 l&#8217;issue de leur visite consultative annuelle, qui avait d\u00e9but\u00e9 le 24 octobre dernier. Une r\u00e9union au cours de laquelle les repr\u00e9sentants des deux institutions ont \u00e9t\u00e9 inform\u00e9s des pr\u00e9paratifs en cours pour accueillir les assembl\u00e9es annuelles au Royaume en 2023.<\/p>\n","protected":false},"excerpt":{"rendered":"<p>Le Chef du gouvernement, Aziz Akhannouch, a pr\u00e9sid\u00e9 hier \u00e0 R&nbsp;&nbsp;&nbsp;&nbsp; abat une r\u00e9union consacr\u00e9e \u00e0 l&#8217;examen de l&#8217;\u00e9tat d&#8217;avancement des pr\u00e9paratifs pour la tenue des assembl\u00e9es annuelles du groupe Banque Mondiale et du Fonds Mon\u00e9taire International (FMI), pr\u00e9vues \u00e0 Marrakech en octobre 2023. Deux \u00e9v\u00e9nements plan\u00e9taires qui devraient conna\u00eetre la participation de 14.000 personnes &hellip;<\/p>\n","protected":false},"author":9,"featured_media":18771,"comment_status":"open","ping_status":"closed","sticky":false,"template":"","format":"standard","meta":{"footnotes":""},"categories":[35],"tags":[],"class_list":["post-18770","post","type-post","status-publish","format-standard","has-post-thumbnail","hentry","category-finance"],"_links":{"self":[{"href":"https:\/\/letempsmag.ma\/index.php?rest_route=\/wp\/v2\/posts\/18770","targetHints":{"allow":["GET"]}}],"collection":[{"href":"https:\/\/letempsmag.ma\/index.php?rest_route=\/wp\/v2\/posts"}],"about":[{"href":"https:\/\/letempsmag.ma\/index.php?rest_route=\/wp\/v2\/types\/post"}],"author":[{"embeddable":true,"href":"https:\/\/letempsmag.ma\/index.php?rest_route=\/wp\/v2\/users\/9"}],"replies":[{"embeddable":true,"href":"https:\/\/letempsmag.ma\/index.php?rest_route=%2Fwp%2Fv2%2Fcomments&post=18770"}],"version-history":[{"count":1,"href":"https:\/\/letempsmag.ma\/index.php?rest_route=\/wp\/v2\/posts\/18770\/revisions"}],"predecessor-version":[{"id":18772,"href":"https:\/\/letempsmag.ma\/index.php?rest_route=\/wp\/v2\/posts\/18770\/revisions\/18772"}],"wp:featuredmedia":[{"embeddable":true,"href":"https:\/\/letempsmag.ma\/index.php?rest_route=\/wp\/v2\/media\/18771"}],"wp:attachment":[{"href":"https:\/\/letempsmag.ma\/index.php?rest_route=%2Fwp%2Fv2%2Fmedia&parent=18770"}],"wp:term":[{"taxonomy":"category","embeddable":true,"href":"https:\/\/letempsmag.ma\/index.php?rest_route=%2Fwp%2Fv2%2Fcategories&post=18770"},{"taxonomy":"post_tag","embeddable":true,"href":"https:\/\/letempsmag.ma\/index.php?rest_route=%2Fwp%2Fv2%2Ftags&post=18770"}],"curies":[{"name":"wp","href":"https:\/\/api.w.org\/{rel}","templated":true}]}}