{"id":18760,"date":"2022-11-09T11:47:56","date_gmt":"2022-11-09T10:47:56","guid":{"rendered":"https:\/\/letempsmag.ma\/?p=18760"},"modified":"2022-11-09T11:47:57","modified_gmt":"2022-11-09T10:47:57","slug":"nespresso-sallie-au-grand-chef-patissier-pierre-herme-pour-celebrer-les-fetes-de-fin-dannee","status":"publish","type":"post","link":"https:\/\/letempsmag.ma\/?p=18760","title":{"rendered":"Nespresso s\u2019allie au grand Chef p\u00e2tissier Pierre Herm\u00e9 pour c\u00e9l\u00e9brer les f\u00eates de fin d\u2019ann\u00e9e"},"content":{"rendered":"\n<p>Nespresso et le c\u00e9l\u00e8bre chef p\u00e2tissier et chocolatier fran\u00e7ais, de renomm\u00e9e mondiale, Pierre Herm\u00e9, collaborent ensemble et annoncent une collection de capsules pour les f\u00eates de fin d\u2019ann\u00e9e. Les caf\u00e9s exclusifs et les confiseries sont, en effet, une c\u00e9l\u00e9bration des go\u00fbts raffin\u00e9s, repr\u00e9sentant le meilleur \u00e0 travers des plaisirs gustatifs d\u2019exception.<\/p>\n\n\n\n<p>Cette collaboration en \u00e9dition limit\u00e9e s\u2019appuie sur la vaste exp\u00e9rience de Pierre Herm\u00e9 en tant qu\u2019expert de saveurs, mettant en avant une collection qui approfondit le plaisir des papilles entre amis et famille. Il s\u2019agit d\u2019une invitation \u00e0 se rassembler, \u00e0 d\u00e9couvrir et se d\u00e9lecter de surprises inattendues&nbsp;: des plaisirs de la d\u00e9gustation d\u2019un nouveau caf\u00e9 et des p\u00e2tisseries aux tonalit\u00e9s inoubliables.<\/p>\n\n\n\n<p>Pierre Herm\u00e9 a \u00e9t\u00e9 couronn\u00e9 du prestigieux titre de Meilleur P\u00e2tissier du Monde en 2016. Cette collaboration in\u00e9dite consiste en la conception de d\u00e9licieux caf\u00e9s, des confiseries et des cadeaux sous la banni\u00e8re Nespresso, dans le cadre des offres de la saison des f\u00eates proches, avec l\u2019ajout de machines \u00e0 caf\u00e9 et d\u2019accessoires en \u00e9dition limit\u00e9e, pour mettre la qualit\u00e9 Nespresso dans tous les domaines et phases de la journ\u00e9e.<\/p>\n\n\n\n<p>En t\u00eate de ce festival d\u2019ar\u00f4mes, un caf\u00e9 noir d\u2019origine unique de Colombie, l\u2019\u00abInfiniment Espresso\u00bb, sourc\u00e9 de la nouvelle r\u00e9gion d\u2019approvisionnement de Tolima, o\u00f9 les agriculteurs utilisent principalement des m\u00e9thodes naturelles et privil\u00e9gient une agriculture \u00e0 faible impact, au b\u00e9n\u00e9fice de la terre et de ses habitants. L\u2019\u00abInfiniment Double Espresso\u00bb se d\u00e9ploie dans de vibrants fruits rouges et des c\u00e9r\u00e9ales douces, exprimant une profondeur de saveur impressionnante. L\u2019\u00abExpresso Original\u00bb comprend \u00e9galement deux caf\u00e9s aromatis\u00e9s&nbsp;: l\u2019\u00abInfiniment Gourmand Saveur Noisette\u00bb, fabriqu\u00e9 \u00e0 partir de grains d\u2019Arabica sud-am\u00e9ricain d\u00e9licatement sucr\u00e9, suivi de douces notes de t\u00eate de biscotti aux amandes et vanille. D\u2019une douceur rafra\u00eechissante, l\u2019\u00abInfiniment Fruit\u00e9 Saveur Framboise\u00bb articule l\u2019ar\u00f4me onctueux des c\u00e9r\u00e9ales avec la saveur s\u00e9duisante des framboises.<\/p>\n","protected":false},"excerpt":{"rendered":"<p>Nespresso et le c\u00e9l\u00e8bre chef p\u00e2tissier et chocolatier fran\u00e7ais, de renomm\u00e9e mondiale, Pierre Herm\u00e9, collaborent ensemble et annoncent une collection de capsules pour les f\u00eates de fin d\u2019ann\u00e9e. Les caf\u00e9s exclusifs et les confiseries sont, en effet, une c\u00e9l\u00e9bration des go\u00fbts raffin\u00e9s, repr\u00e9sentant le meilleur \u00e0 travers des plaisirs gustatifs d\u2019exception. Cette collaboration en \u00e9dition &hellip;<\/p>\n","protected":false},"author":9,"featured_media":18761,"comment_status":"open","ping_status":"closed","sticky":false,"template":"","format":"standard","meta":{"footnotes":""},"categories":[294],"tags":[],"class_list":["post-18760","post","type-post","status-publish","format-standard","has-post-thumbnail","hentry","category-cafe"],"_links":{"self":[{"href":"https:\/\/letempsmag.ma\/index.php?rest_route=\/wp\/v2\/posts\/18760","targetHints":{"allow":["GET"]}}],"collection":[{"href":"https:\/\/letempsmag.ma\/index.php?rest_route=\/wp\/v2\/posts"}],"about":[{"href":"https:\/\/letempsmag.ma\/index.php?rest_route=\/wp\/v2\/types\/post"}],"author":[{"embeddable":true,"href":"https:\/\/letempsmag.ma\/index.php?rest_route=\/wp\/v2\/users\/9"}],"replies":[{"embeddable":true,"href":"https:\/\/letempsmag.ma\/index.php?rest_route=%2Fwp%2Fv2%2Fcomments&post=18760"}],"version-history":[{"count":1,"href":"https:\/\/letempsmag.ma\/index.php?rest_route=\/wp\/v2\/posts\/18760\/revisions"}],"predecessor-version":[{"id":18762,"href":"https:\/\/letempsmag.ma\/index.php?rest_route=\/wp\/v2\/posts\/18760\/revisions\/18762"}],"wp:featuredmedia":[{"embeddable":true,"href":"https:\/\/letempsmag.ma\/index.php?rest_route=\/wp\/v2\/media\/18761"}],"wp:attachment":[{"href":"https:\/\/letempsmag.ma\/index.php?rest_route=%2Fwp%2Fv2%2Fmedia&parent=18760"}],"wp:term":[{"taxonomy":"category","embeddable":true,"href":"https:\/\/letempsmag.ma\/index.php?rest_route=%2Fwp%2Fv2%2Fcategories&post=18760"},{"taxonomy":"post_tag","embeddable":true,"href":"https:\/\/letempsmag.ma\/index.php?rest_route=%2Fwp%2Fv2%2Ftags&post=18760"}],"curies":[{"name":"wp","href":"https:\/\/api.w.org\/{rel}","templated":true}]}}