{"id":18757,"date":"2022-11-09T11:47:12","date_gmt":"2022-11-09T10:47:12","guid":{"rendered":"https:\/\/letempsmag.ma\/?p=18757"},"modified":"2022-11-09T11:47:13","modified_gmt":"2022-11-09T10:47:13","slug":"victoria-offre-un-nouveau-visage-a-la-region-casa-sud","status":"publish","type":"post","link":"https:\/\/letempsmag.ma\/?p=18757","title":{"rendered":"Victoria offre un nouveau visage \u00e0 la r\u00e9gion Casa-Sud"},"content":{"rendered":"\n<p>Fleuron urbain de la r\u00e9gion Casa-Sud depuis plus de dix ans, le quartier Victoria continue&nbsp; son d\u00e9veloppement gr\u00e2ce au lancement de plusieurs projets d\u2019habitation et de divers commerces conform\u00e9ment au plan d\u2019am\u00e9nagement mis en place par l\u2019Agence urbaine de Casablanca pour valoriser la r\u00e9gion. Aujourd\u2019hui, c\u2019est un univers urbain totalement r\u00e9invent\u00e9 qui donne \u00e0 Casablanca une identit\u00e9 d\u2019exception.<\/p>\n\n\n\n<p>Lanc\u00e9 en 2012, le quartier Victoria poursuit ainsi son d\u00e9veloppement gr\u00e2ce \u00e0 sa capacit\u00e9 \u00e0 apporter des r\u00e9ponses concr\u00e8tes aux besoins des Casablancais d\u00e9sireux de s\u2019\u00e9loigner du stress de la ville. Le projet a \u00e9t\u00e9 pens\u00e9 pour \u00eatre un lieu de calme et de grand air. Le promoteur a agenc\u00e9 une offre alliant des logements de qualit\u00e9, des services publics de proximit\u00e9 et des activit\u00e9s \u00e9conomiques de plus en plus florissantes.<\/p>\n\n\n\n<p>\u00abLe projet victoria est port\u00e9 par une v\u00e9ritable vocation citoyenne, favorisant la mixit\u00e9 sociale tout en garantissant un espace de vie agr\u00e9able. Et cela, gr\u00e2ce \u00e0 la forte implication de nos \u00e9quipes \u00e0 r\u00e9pondre aux besoins actuels et futurs des habitants du quartier\u00bb, d\u00e9clar\u00e9 Mohammed Alj, Directeur G\u00e9n\u00e9ral et porte parole du projet.<\/p>\n\n\n\n<p>De nouveaux projets ont r\u00e9cemment vu le jour \u00e0 proximit\u00e9 du quartier Victoria, notamment l\u2019inauguration d\u2019un groupe scolaire r\u00e9put\u00e9 ainsi qu\u2019un centre commercial abritant plusieurs franchises marocaines et internationales. \u00c0 noter \u00e9galement la fin des travaux de triplement de la voie routi\u00e8re, qui ont \u00e9t\u00e9 entrepris pour mieux r\u00e9pondre aux besoins de mobilit\u00e9 des habitants de Victoria et assurer une circulation plus fluide entre Casablanca et Bouskoura.<\/p>\n\n\n\n<p>\u00c0 rappeler que le projet est agenc\u00e9 sur une superficie globale de 250 hectares d\u00e9j\u00e0 livr\u00e9s et titr\u00e9s. Le quartier Victoria compte \u00e0 ce jour plus de 45.000 r\u00e9sidents et en comprendra, \u00e0 terme, au moins 150 000. Le projet dispose par ailleurs de 700 lots de terrains pour villas ainsi qu\u2019une offre r\u00e9sidentielle diversifi\u00e9e, allant du moyen au haut standing.<\/p>\n\n\n\n<p><strong>M. E.<\/strong><\/p>\n","protected":false},"excerpt":{"rendered":"<p>Fleuron urbain de la r\u00e9gion Casa-Sud depuis plus de dix ans, le quartier Victoria continue&nbsp; son d\u00e9veloppement gr\u00e2ce au lancement de plusieurs projets d\u2019habitation et de divers commerces conform\u00e9ment au plan d\u2019am\u00e9nagement mis en place par l\u2019Agence urbaine de Casablanca pour valoriser la r\u00e9gion. Aujourd\u2019hui, c\u2019est un univers urbain totalement r\u00e9invent\u00e9 qui donne \u00e0 Casablanca &hellip;<\/p>\n","protected":false},"author":9,"featured_media":18758,"comment_status":"open","ping_status":"closed","sticky":false,"template":"","format":"standard","meta":{"footnotes":""},"categories":[38],"tags":[],"class_list":["post-18757","post","type-post","status-publish","format-standard","has-post-thumbnail","hentry","category-urbanisme"],"_links":{"self":[{"href":"https:\/\/letempsmag.ma\/index.php?rest_route=\/wp\/v2\/posts\/18757","targetHints":{"allow":["GET"]}}],"collection":[{"href":"https:\/\/letempsmag.ma\/index.php?rest_route=\/wp\/v2\/posts"}],"about":[{"href":"https:\/\/letempsmag.ma\/index.php?rest_route=\/wp\/v2\/types\/post"}],"author":[{"embeddable":true,"href":"https:\/\/letempsmag.ma\/index.php?rest_route=\/wp\/v2\/users\/9"}],"replies":[{"embeddable":true,"href":"https:\/\/letempsmag.ma\/index.php?rest_route=%2Fwp%2Fv2%2Fcomments&post=18757"}],"version-history":[{"count":1,"href":"https:\/\/letempsmag.ma\/index.php?rest_route=\/wp\/v2\/posts\/18757\/revisions"}],"predecessor-version":[{"id":18759,"href":"https:\/\/letempsmag.ma\/index.php?rest_route=\/wp\/v2\/posts\/18757\/revisions\/18759"}],"wp:featuredmedia":[{"embeddable":true,"href":"https:\/\/letempsmag.ma\/index.php?rest_route=\/wp\/v2\/media\/18758"}],"wp:attachment":[{"href":"https:\/\/letempsmag.ma\/index.php?rest_route=%2Fwp%2Fv2%2Fmedia&parent=18757"}],"wp:term":[{"taxonomy":"category","embeddable":true,"href":"https:\/\/letempsmag.ma\/index.php?rest_route=%2Fwp%2Fv2%2Fcategories&post=18757"},{"taxonomy":"post_tag","embeddable":true,"href":"https:\/\/letempsmag.ma\/index.php?rest_route=%2Fwp%2Fv2%2Ftags&post=18757"}],"curies":[{"name":"wp","href":"https:\/\/api.w.org\/{rel}","templated":true}]}}