{"id":18701,"date":"2022-11-07T12:52:31","date_gmt":"2022-11-07T11:52:31","guid":{"rendered":"https:\/\/letempsmag.ma\/?p=18701"},"modified":"2022-11-07T12:52:32","modified_gmt":"2022-11-07T11:52:32","slug":"le-groupe-marocain-intelcia-monte-en-puissance-en-cote-divoire","status":"publish","type":"post","link":"https:\/\/letempsmag.ma\/?p=18701","title":{"rendered":"Le groupe marocain Intelcia monte en puissance en C\u00f4te d\u2019Ivoire"},"content":{"rendered":"\n<p>Le groupe marocain Intelcia a inaugur\u00e9 r\u00e9cemment son si\u00e8ge r\u00e9gional \u00e0 Abidjan. Sous le haut patronage de Patrick Achi, Premier ministre de la C\u00f4te d\u2019Ivoire, repr\u00e9sent\u00e9 par Mamadou Tour\u00e9, Ministre de la Promotion de la Jeunesse, de l<a><\/a>\u2019Insertion professionnelle et du Service civique, Porte-parole adjoint du gouvernement ivoirien, cette inauguration a \u00e9t\u00e9 marqu\u00e9e par la pr\u00e9sence de Karim Bernoussi, co-fondateur et Pr\u00e9sident Directeur G\u00e9n\u00e9ral d\u2019Intelcia, et Jean-Yves Kotto, Chairman Afrique Subsaharienne.<\/p>\n\n\n\n<p>Cet \u00e9v\u00e9nement co\u00efncidait avec la c\u00e9l\u00e9bration du 5<sup>\u00e8me<\/sup> anniversaire de pr\u00e9sence du groupe marocain en C\u00f4te d\u2019Ivoire et conforte la volont\u00e9 d\u2019Intelcia de poursuivre son engagement \u00e0 consolider ses investissements dans le pays en offrant davantage d\u2019opportunit\u00e9s d\u2019emploi aux jeunes Ivoiriens. Depuis son implantation en 2017, l\u2019effectif est pass\u00e9 de 293 collaborateurs \u00e0 pr\u00e8s de 1.500 en 2022. En plus des 450 emplois cr\u00e9\u00e9s au cours de cette ann\u00e9e, qui font du site d\u2019Abidjan le plus grand site d\u2019Intelcia en Afrique, ce sont plus de 500 postes qui seront \u00e0 pourvoir en 2023.<\/p>\n\n\n\n<p>\u00abL\u2019extension du site d\u2019Intelcia \u00e0 Abidjan est r\u00e9v\u00e9latrice de deux \u00e9l\u00e9ments importants. Elle conforte d\u2019une part l\u2019attractivit\u00e9 de notre pays dans le domaine de l\u2019outsourcing de mani\u00e8re g\u00e9n\u00e9rale et des m\u00e9tiers du CRM en particulier, notamment au regard du bassin d\u2019emploi, tr\u00e8s porteur, qu\u2019est la C\u00f4te d\u2019Ivoire. Elle r\u00e9v\u00e8le d\u2019autre part le potentiel de croissance qu\u2019un groupe tel qu\u2019Intelcia voit en notre pays, tant en termes d\u2019infrastructures qu\u2019en termes de capital humain\u00bb, affirme Mamadou Tour\u00e9.<\/p>\n\n\n\n<p>Pour sa part, Jean-Yves Kottoa d\u00e9clare&nbsp;: \u00abAu vue de l\u2019\u00e9volution du groupe en C\u00f4te d\u2019Ivoire, le pays est v\u00e9ritablement le fer de lance, en Afrique subsaharienne, des ambitions d\u2019Intelcia. Depuis notre implantation en 2017 \u00e0 Abidjan, nous avons lanc\u00e9 plusieurs activit\u00e9s et quintupl\u00e9 le nombre de nos collaborateurs. L\u2019extension du site historique, que nous inaugurons aujourd\u2019hui, nous ouvre de nouvelles perspectives avec la cr\u00e9ation de centaines de nouveaux postes \u00e0 tr\u00e8s court terme, et ce, sans compter les plans de carri\u00e8re que nous offrons \u00e0 la jeunesse au sein d\u2019Intelcia C\u00f4te d\u2019Ivoire et du groupe, notamment gr\u00e2ce \u00e0 une politique de formation volontariste et structur\u00e9e\u00bb.<\/p>\n\n\n\n<p>Quant \u00e0 Karim Bernoussi, il estime que \u00abCette extension est une \u00e9vidence pour Intelcia et d\u00e9montre notre volont\u00e9 de poursuivre durablement notre implantation dans le continent de mani\u00e8re g\u00e9n\u00e9rale, et en Afrique subsaharienne en particulier. Ce nouveau pas dans la vie du groupe suit une logique d\u2019investissements responsables, cr\u00e9ateurs d\u2019emplois et de valeur ajout\u00e9e pour tout son \u00e9cosyst\u00e8me\u00bb.<\/p>\n\n\n\n<p>L\u2019essor d\u2019Intelcia en C\u00f4te d\u2019Ivoire est \u00e0 l\u2019image du d\u00e9veloppement du groupe en Afrique subsaharienne et dans le monde. Les chiffres t\u00e9moignent, en effet, de l\u2019excellente sant\u00e9 du groupe. Le nombre de collaborateurs dans la r\u00e9gion passera \u00e0 pr\u00e8s de 5.000 d\u2019ici \u00e0 la fin de 2022, dans les trois pays de pr\u00e9sence en Afrique subsaharienne&nbsp;: Cameroun, S\u00e9n\u00e9gal et C\u00f4te d\u2019Ivoire. Dans le monde, le groupe emploie actuellement 40.000 collaborateurs et a r\u00e9ussi, en 22 ans, \u00e0 s\u2019implanter dans 17 pays et sur 3 continents.<\/p>\n","protected":false},"excerpt":{"rendered":"<p>Le groupe marocain Intelcia a inaugur\u00e9 r\u00e9cemment son si\u00e8ge r\u00e9gional \u00e0 Abidjan. Sous le haut patronage de Patrick Achi, Premier ministre de la C\u00f4te d\u2019Ivoire, repr\u00e9sent\u00e9 par Mamadou Tour\u00e9, Ministre de la Promotion de la Jeunesse, de l\u2019Insertion professionnelle et du Service civique, Porte-parole adjoint du gouvernement ivoirien, cette inauguration a \u00e9t\u00e9 marqu\u00e9e par la &hellip;<\/p>\n","protected":false},"author":9,"featured_media":18702,"comment_status":"open","ping_status":"closed","sticky":false,"template":"","format":"standard","meta":{"footnotes":""},"categories":[271],"tags":[],"class_list":["post-18701","post","type-post","status-publish","format-standard","has-post-thumbnail","hentry","category-relation-client"],"_links":{"self":[{"href":"https:\/\/letempsmag.ma\/index.php?rest_route=\/wp\/v2\/posts\/18701","targetHints":{"allow":["GET"]}}],"collection":[{"href":"https:\/\/letempsmag.ma\/index.php?rest_route=\/wp\/v2\/posts"}],"about":[{"href":"https:\/\/letempsmag.ma\/index.php?rest_route=\/wp\/v2\/types\/post"}],"author":[{"embeddable":true,"href":"https:\/\/letempsmag.ma\/index.php?rest_route=\/wp\/v2\/users\/9"}],"replies":[{"embeddable":true,"href":"https:\/\/letempsmag.ma\/index.php?rest_route=%2Fwp%2Fv2%2Fcomments&post=18701"}],"version-history":[{"count":1,"href":"https:\/\/letempsmag.ma\/index.php?rest_route=\/wp\/v2\/posts\/18701\/revisions"}],"predecessor-version":[{"id":18703,"href":"https:\/\/letempsmag.ma\/index.php?rest_route=\/wp\/v2\/posts\/18701\/revisions\/18703"}],"wp:featuredmedia":[{"embeddable":true,"href":"https:\/\/letempsmag.ma\/index.php?rest_route=\/wp\/v2\/media\/18702"}],"wp:attachment":[{"href":"https:\/\/letempsmag.ma\/index.php?rest_route=%2Fwp%2Fv2%2Fmedia&parent=18701"}],"wp:term":[{"taxonomy":"category","embeddable":true,"href":"https:\/\/letempsmag.ma\/index.php?rest_route=%2Fwp%2Fv2%2Fcategories&post=18701"},{"taxonomy":"post_tag","embeddable":true,"href":"https:\/\/letempsmag.ma\/index.php?rest_route=%2Fwp%2Fv2%2Ftags&post=18701"}],"curies":[{"name":"wp","href":"https:\/\/api.w.org\/{rel}","templated":true}]}}