{"id":18568,"date":"2022-11-02T14:12:34","date_gmt":"2022-11-02T13:12:34","guid":{"rendered":"https:\/\/letempsmag.ma\/?p=18568"},"modified":"2022-11-02T14:12:35","modified_gmt":"2022-11-02T13:12:35","slug":"vivo-lance-au-maroc-un-surprenant-v25-5g-qui-change-de-couleur","status":"publish","type":"post","link":"https:\/\/letempsmag.ma\/?p=18568","title":{"rendered":"Vivo lance au Maroc un surprenant \u00abV25 5G\u00bb qui change de couleur"},"content":{"rendered":"\n<p>Le nouveau \u00abV25 5G\u00bb de Vivo arrive au Maroc. Le smartphone offre de nouvelles perspectives de cr\u00e9ativit\u00e9 gr\u00e2ce \u00e0 une technologie photographique de pointe, ainsi qu&#8217;une apparence raffin\u00e9e due \u00e0 ses couleurs attrayantes. Dot\u00e9s de fonctions photographiques sup\u00e9rieures, ces smartphones ont \u00e9t\u00e9 con\u00e7us pour les utilisateurs qui s&#8217;expriment par le biais de photos et de vid\u00e9os. Le nouveau \u00abV25 5G\u00bb donnera, en effet, aux utilisateurs la possibilit\u00e9 de s&#8217;exprimer gr\u00e2ce \u00e0 son superbe appareil-photo, aliment\u00e9 par un mat\u00e9riel performant et \u00e9conome en \u00e9nergie, le tout dans un tr\u00e8s beau bo\u00eetier.<\/p>\n\n\n\n<p><a>Le nouveau \u00abV25 5G\u00bb perp\u00e9tue l&#8217;h\u00e9ritage de la s\u00e9rie \u00abV\u00bb en permettant de capturer des moments exceptionnels gr\u00e2ce \u00e0 ses capacit\u00e9s photographiques sup\u00e9rieures et \u00e0 sa technologie d&#8217;imagerie de pointe. L&#8217;appareil-photo \u00e0 ultra-sensibilit\u00e9 \u00abOIS\u00bb de 64 Mpx situ\u00e9 \u00e0 l&#8217;arri\u00e8re minimise les prises de vue floues et prend en charge un temps d&#8217;exposition plus long, cr\u00e9ant ainsi des images et des vid\u00e9os plus claires et plus lumineuses, m\u00eame dans des conditions de faible \u00e9clairage.<\/a><\/p>\n\n\n\n<p>Avec un design accrocheur, le verre \u00abFluorite AG\u00bb \u00e0 couleur changeante, qui recouvre le panneau arri\u00e8re, change de couleur lorsqu&#8217;il est expos\u00e9 \u00e0 la lumi\u00e8re ultraviolette, refl\u00e9tant ainsi la personnalit\u00e9 dynamique des utilisateurs. Sous sa belle apparence, se cache un processeur puissant avec un taux d&#8217;efficacit\u00e9 \u00e9nerg\u00e9tique \u00e9lev\u00e9 et une grande capacit\u00e9. Gr\u00e2ce \u00e0 la toute derni\u00e8re technologie de refroidissement et aux capacit\u00e9s de charge rapide, il offre une exp\u00e9rience mobile durable et agr\u00e9able dans divers contextes.<\/p>\n\n\n\n<p>\u00abLa s\u00e9rie \u00abV\u00bb de Vivo a toujours \u00e9t\u00e9 synonyme d&#8217;innovations et d\u2019avanc\u00e9es technologiques, tout en d\u00e9gageant du style et en encourageant les utilisateurs \u00e0 cr\u00e9er, \u00e0 s&#8217;amuser et \u00e0 explorer. Le nouveau \u00abV25 5G\u00bb continue d&#8217;incarner ce concept et de fournir aux utilisateurs des outils et des fonctionnalit\u00e9s in\u00e9dits\u00bb, d\u00e9clare David Wang, patron de Vivo Maroc.<\/p>\n","protected":false},"excerpt":{"rendered":"<p>Le nouveau \u00abV25 5G\u00bb de Vivo arrive au Maroc. Le smartphone offre de nouvelles perspectives de cr\u00e9ativit\u00e9 gr\u00e2ce \u00e0 une technologie photographique de pointe, ainsi qu&#8217;une apparence raffin\u00e9e due \u00e0 ses couleurs attrayantes. Dot\u00e9s de fonctions photographiques sup\u00e9rieures, ces smartphones ont \u00e9t\u00e9 con\u00e7us pour les utilisateurs qui s&#8217;expriment par le biais de photos et de &hellip;<\/p>\n","protected":false},"author":9,"featured_media":18569,"comment_status":"open","ping_status":"closed","sticky":false,"template":"","format":"standard","meta":{"footnotes":""},"categories":[334],"tags":[],"class_list":["post-18568","post","type-post","status-publish","format-standard","has-post-thumbnail","hentry","category-smartphones"],"_links":{"self":[{"href":"https:\/\/letempsmag.ma\/index.php?rest_route=\/wp\/v2\/posts\/18568","targetHints":{"allow":["GET"]}}],"collection":[{"href":"https:\/\/letempsmag.ma\/index.php?rest_route=\/wp\/v2\/posts"}],"about":[{"href":"https:\/\/letempsmag.ma\/index.php?rest_route=\/wp\/v2\/types\/post"}],"author":[{"embeddable":true,"href":"https:\/\/letempsmag.ma\/index.php?rest_route=\/wp\/v2\/users\/9"}],"replies":[{"embeddable":true,"href":"https:\/\/letempsmag.ma\/index.php?rest_route=%2Fwp%2Fv2%2Fcomments&post=18568"}],"version-history":[{"count":1,"href":"https:\/\/letempsmag.ma\/index.php?rest_route=\/wp\/v2\/posts\/18568\/revisions"}],"predecessor-version":[{"id":18570,"href":"https:\/\/letempsmag.ma\/index.php?rest_route=\/wp\/v2\/posts\/18568\/revisions\/18570"}],"wp:featuredmedia":[{"embeddable":true,"href":"https:\/\/letempsmag.ma\/index.php?rest_route=\/wp\/v2\/media\/18569"}],"wp:attachment":[{"href":"https:\/\/letempsmag.ma\/index.php?rest_route=%2Fwp%2Fv2%2Fmedia&parent=18568"}],"wp:term":[{"taxonomy":"category","embeddable":true,"href":"https:\/\/letempsmag.ma\/index.php?rest_route=%2Fwp%2Fv2%2Fcategories&post=18568"},{"taxonomy":"post_tag","embeddable":true,"href":"https:\/\/letempsmag.ma\/index.php?rest_route=%2Fwp%2Fv2%2Ftags&post=18568"}],"curies":[{"name":"wp","href":"https:\/\/api.w.org\/{rel}","templated":true}]}}